[{"Tipo":"Ordin\u00e1ria","N\u00famero":15,"Exerc\u00edcio":2025,"Data":"08\/10\/2025","Status":"Encerrada","Legislatura":"LEGISLATURA (2025 - 2028)","Descri\u00e7\u00e3o":"ATA ESCANEADA DA 15\u00aa SESS\u00c3O ORDIN\u00c1RIA REALIZADA EM 08 DE OUTUBRO DE 2025.","Pauta (Arquivo)":"-","Ata (Arquivo)":"https:\/\/storage.googleapis.com\/storage.itransparencia.com.br\/14\/sessions\/2049\/XOzAvMuWkUn5IIc3dHIJaQ4fpG8LVWixoZoyUt3u.pdf"},{"Tipo":"Ordin\u00e1ria","N\u00famero":14,"Exerc\u00edcio":2025,"Data":"24\/09\/2025","Status":"Encerrada","Legislatura":"LEGISLATURA (2025 - 2028)","Descri\u00e7\u00e3o":"ATA ESCANEADA DA 14\u00aa SESS\u00c3O ORDIN\u00c1RIA REALIZADA EM 24 DE SETEMBRO DE 2025.","Pauta (Arquivo)":"-","Ata (Arquivo)":"https:\/\/storage.googleapis.com\/storage.itransparencia.com.br\/14\/sessions\/1968\/GGVsRTv6A8NhaZ1C1DBGa46iN0wrNCSwtz5mut4m.pdf"},{"Tipo":"Ordin\u00e1ria","N\u00famero":13,"Exerc\u00edcio":2025,"Data":"10\/09\/2025","Status":"Encerrada","Legislatura":"LEGISLATURA (2025 - 2028)","Descri\u00e7\u00e3o":"ATA ESCANEADA DA 13\u00aa SESS\u00c3O ORDIN\u00c1RIA REALIZADA EM 10 DE SETEMBRO DE 2025.","Pauta (Arquivo)":"-","Ata (Arquivo)":"https:\/\/storage.googleapis.com\/storage.itransparencia.com.br\/14\/sessions\/1959\/glz5flC5eorwYOIXT0t04Dv9r4BP3K2juNMQjUmn.pdf"},{"Tipo":"Ordin\u00e1ria","N\u00famero":13,"Exerc\u00edcio":2025,"Data":"10\/09\/2025","Status":"Encerrada","Legislatura":"LEGISLATURA (2025 - 2028)","Descri\u00e7\u00e3o":"ATA ESCANEADA DA SESS\u00c3O DE JULGAMENTO DAS CONTAS DE GOVERNO MUNICIPAL - EXERC\u00cdCIO 2023, REALIZADA NO DIA 10 DE SETEMBRO DE 2025.","Pauta (Arquivo)":"-","Ata (Arquivo)":"https:\/\/storage.googleapis.com\/storage.itransparencia.com.br\/14\/sessions\/2035\/ISwcFp71LMUBKHQCNuBHp0uYeRjb5UWOh99OB9Cz.pdf"},{"Tipo":"Extra-Ordin\u00e1ria","N\u00famero":13,"Exerc\u00edcio":2025,"Data":"05\/09\/2025","Status":"Encerrada","Legislatura":"LEGISLATURA (2025 - 2028)","Descri\u00e7\u00e3o":"13\u00aa Sess\u00e3o Extraordin\u00e1ria","Pauta (Arquivo)":"-","Ata (Arquivo)":"https:\/\/storage.googleapis.com\/storage.itransparencia.com.br\/14\/sessions\/1887\/sxx9uuqWWHAExsV5fk7FMHpbRazMDxW7ZTTyStEo.pdf"},{"Tipo":"Extra-Ordin\u00e1ria","N\u00famero":14,"Exerc\u00edcio":2025,"Data":"05\/09\/2025","Status":"Encerrada","Legislatura":"LEGISLATURA (2025 - 2028)","Descri\u00e7\u00e3o":"14\u00aa SESS\u00c3O EXTRAORDIN\u00c1RIA \r\nATA ESCANEADA","Pauta (Arquivo)":"-","Ata (Arquivo)":"https:\/\/storage.googleapis.com\/storage.itransparencia.com.br\/14\/sessions\/1901\/iyeOru5NN2rFn4MbzxqckFrpUPC1bBl41MKh7Ajf.pdf"},{"Tipo":"Ordin\u00e1ria","N\u00famero":12,"Exerc\u00edcio":2025,"Data":"27\/08\/2025","Status":"Encerrada","Legislatura":"LEGISLATURA (2025 - 2028)","Descri\u00e7\u00e3o":"12\u00aa Sess\u00e3o Ordin\u00e1ria","Pauta (Arquivo)":"-","Ata (Arquivo)":"-"},{"Tipo":"Ordin\u00e1ria","N\u00famero":12,"Exerc\u00edcio":2025,"Data":"27\/08\/2025","Status":"Encerrada","Legislatura":"LEGISLATURA (2025 - 2028)","Descri\u00e7\u00e3o":"ATA ESCANEADA DA 12\u00aa SESS\u00c3O ORDIN\u00c1RIA REALIZADA EM 27 DE AGOSTO DE 2025.","Pauta (Arquivo)":"-","Ata (Arquivo)":"https:\/\/storage.googleapis.com\/storage.itransparencia.com.br\/14\/sessions\/1958\/OETI5rzG9mbMjEWgKJJUJ7WejXoU9cFIK0RzUPgh.pdf"},{"Tipo":"Ordin\u00e1ria","N\u00famero":11,"Exerc\u00edcio":2025,"Data":"13\/08\/2025","Status":"Encerrada","Legislatura":"LEGISLATURA (2025 - 2028)","Descri\u00e7\u00e3o":"ATA ESCANEADA DA 11\u00aa SESS\u00c3O ORDIN\u00c1RIA REALIZADA EM 13 DE AGOSTO DE 2025.","Pauta (Arquivo)":"-","Ata (Arquivo)":"https:\/\/storage.googleapis.com\/storage.itransparencia.com.br\/14\/sessions\/1873\/fHRCMAXtGcrfCD7huaqPOf1daj4cLKvtJWyCOdSb.pdf"},{"Tipo":"Ordin\u00e1ria","N\u00famero":11,"Exerc\u00edcio":2025,"Data":"13\/08\/2025","Status":"Encerrada","Legislatura":"LEGISLATURA (2025 - 2028)","Descri\u00e7\u00e3o":"11\u00aa Sess\u00e3o Ordin\u00e1ria","Pauta (Arquivo)":"-","Ata (Arquivo)":"-"},{"Tipo":"Ordin\u00e1ria","N\u00famero":10,"Exerc\u00edcio":2025,"Data":"18\/06\/2025","Status":"Encerrada","Legislatura":"LEGISLATURA (2021 - 2024)","Descri\u00e7\u00e3o":"10\u00aa Sess\u00e3o Ordin\u00e1ria","Pauta (Arquivo)":"-","Ata (Arquivo)":"-"},{"Tipo":"Ordin\u00e1ria","N\u00famero":10,"Exerc\u00edcio":2025,"Data":"18\/06\/2025","Status":"Encerrada","Legislatura":"LEGISLATURA (2025 - 2028)","Descri\u00e7\u00e3o":"ATA DA 10\u00aa SESS\u00c3O ORDIN\u00c1RIA REALIZADA NO DIA 18 DE JUNHO DE 2025.","Pauta (Arquivo)":"-","Ata (Arquivo)":"https:\/\/storage.googleapis.com\/storage.itransparencia.com.br\/14\/sessions\/1841\/3A08LOmdEMO2k8nD2QOlJD2altdlPvt9geNyRnri.pdf"},{"Tipo":"Ordin\u00e1ria","N\u00famero":10,"Exerc\u00edcio":2025,"Data":"18\/06\/2025","Status":"Encerrada","Legislatura":"LEGISLATURA (2025 - 2028)","Descri\u00e7\u00e3o":"ATA ESCANEADA DA 10\u00ba SESS\u00c3O ORDIN\u00c1RIA REALIZADA NO DIA 18 DE JUNHO DE 2025.","Pauta (Arquivo)":"-","Ata (Arquivo)":"https:\/\/storage.googleapis.com\/storage.itransparencia.com.br\/14\/sessions\/1883\/npURZbf5BemekUh2L3kjB215efANjQRhjHuCuhZP.pdf"},{"Tipo":"Extra-Ordin\u00e1ria","N\u00famero":12,"Exerc\u00edcio":2025,"Data":"10\/06\/2025","Status":"Encerrada","Legislatura":"LEGISLATURA (2025 - 2028)","Descri\u00e7\u00e3o":"ATA ESCANEADA DA 12\u00aa SESS\u00c3O EXTRAORDIN\u00c1RIA REALIZADA NO DIA 10 DE JUNHO DE 2025.","Pauta (Arquivo)":"-","Ata (Arquivo)":"https:\/\/storage.googleapis.com\/storage.itransparencia.com.br\/14\/sessions\/1823\/Dar8Hxjhv6RoXpkrRqLNvVNx43ll4jAJwBQnmCrW.pdf"},{"Tipo":"Ordin\u00e1ria","N\u00famero":9,"Exerc\u00edcio":2025,"Data":"04\/06\/2025","Status":"Encerrada","Legislatura":"LEGISLATURA (2025 - 2028)","Descri\u00e7\u00e3o":"ATA ESCANEADA DA 9\u00aa SESS\u00c3O ORDIN\u00c1RIA REALIZADA NO DIA 04 DE JUNHO DE 2025.","Pauta (Arquivo)":"-","Ata (Arquivo)":"https:\/\/storage.googleapis.com\/storage.itransparencia.com.br\/14\/sessions\/1793\/U4mIdwOOo6GhMMM4Su7zLHGHcH7J10JnmtbTpdDd.pdf"},{"Tipo":"Ordin\u00e1ria","N\u00famero":9,"Exerc\u00edcio":2025,"Data":"04\/06\/2025","Status":"Encerrada","Legislatura":"LEGISLATURA (2025 - 2028)","Descri\u00e7\u00e3o":"ATA DA 9\u00ba SESS\u00c3O ORDIN\u00c1RIA REALIZADA NO DIA 04 DE JUNHO DE 2025.","Pauta (Arquivo)":"-","Ata (Arquivo)":"https:\/\/storage.googleapis.com\/storage.itransparencia.com.br\/14\/sessions\/1821\/FeciAvMO5kwJUpGcbOdoPgAlXVWcRRflpKhJ8Ze8.docx"},{"Tipo":"Ordin\u00e1ria","N\u00famero":8,"Exerc\u00edcio":2025,"Data":"21\/05\/2025","Status":"Encerrada","Legislatura":"LEGISLATURA (2025 - 2028)","Descri\u00e7\u00e3o":"ATA ESCANEADA DA 8\u00aa SESS\u00c3O ORDIN\u00c1RIA REALIZADA NO DIA 21 DE MAIO DE 2025.","Pauta (Arquivo)":"-","Ata (Arquivo)":"https:\/\/storage.googleapis.com\/storage.itransparencia.com.br\/14\/sessions\/1798\/ziS8NHhFffxj2a2ZQgJXxIVe1WVaZ4Lrz8nEBSZr.pdf"},{"Tipo":"Ordin\u00e1ria","N\u00famero":8,"Exerc\u00edcio":2025,"Data":"21\/05\/2025","Status":"Encerrada","Legislatura":"LEGISLATURA (2025 - 2028)","Descri\u00e7\u00e3o":"8\u00aa SESS\u00c3O ORDIN\u00c1RIA REALIZADA NO DIA 21 DE MAIO DE 2025.","Pauta (Arquivo)":"-","Ata (Arquivo)":"https:\/\/storage.googleapis.com\/storage.itransparencia.com.br\/14\/sessions\/1777\/E4ykV1XKdRV4rNXgYNAV6eZU7eCklXDQiO5hDsXr.pdf"},{"Tipo":"Ordin\u00e1ria","N\u00famero":7,"Exerc\u00edcio":2025,"Data":"07\/05\/2025","Status":"Encerrada","Legislatura":"LEGISLATURA (2025 - 2028)","Descri\u00e7\u00e3o":"7\u00aa Sess\u00e3o Ordin\u00e1ria","Pauta (Arquivo)":"-","Ata (Arquivo)":"-"},{"Tipo":"Ordin\u00e1ria","N\u00famero":7,"Exerc\u00edcio":2025,"Data":"07\/05\/2025","Status":"Encerrada","Legislatura":"LEGISLATURA (2025 - 2028)","Descri\u00e7\u00e3o":"ATA DA 7\u00aa SESS\u00c3O ORDIN\u00c1RIA REALIZADA NO DIA 07 DE MAIO DE 2025.","Pauta (Arquivo)":"-","Ata (Arquivo)":"https:\/\/storage.googleapis.com\/storage.itransparencia.com.br\/14\/sessions\/1775\/fq2enUdNFzNsf5mhUsKW8QrASaVcn2KJwOG37pbR.pdf"},{"Tipo":"Ordin\u00e1ria","N\u00famero":1,"Exerc\u00edcio":2025,"Data":"07\/05\/2025","Status":"Encerrada","Legislatura":"LEGISLATURA (2025 - 2028)","Descri\u00e7\u00e3o":"ATA DA SESS\u00c3O DE JULGAMENTO DAS CONTAS DE GOVERNO MUNICIPAL - EXERC\u00cdCIO 2021, REALIZADA NO DIA 07 DE MAIO DE 2025.","Pauta (Arquivo)":"-","Ata (Arquivo)":"https:\/\/storage.googleapis.com\/storage.itransparencia.com.br\/14\/sessions\/1776\/VwXKUN4T2DhUNdib1rtIGtdnKd8nwFZ2YUFO0m8K.pdf"},{"Tipo":"Ordin\u00e1ria","N\u00famero":6,"Exerc\u00edcio":2025,"Data":"23\/04\/2025","Status":"Encerrada","Legislatura":"LEGISLATURA (2025 - 2028)","Descri\u00e7\u00e3o":"6\u00aa Sess\u00e3o Ordin\u00e1ria","Pauta (Arquivo)":"-","Ata (Arquivo)":"-"},{"Tipo":"Ordin\u00e1ria","N\u00famero":6,"Exerc\u00edcio":2025,"Data":"23\/04\/2025","Status":"Encerrada","Legislatura":"LEGISLATURA (2025 - 2028)","Descri\u00e7\u00e3o":"ATA DA 6\u00aa SESS\u00c3O ORDIN\u00c1RIA REALIZADA NO DIA 23 DE ABRIL DE 2025.","Pauta (Arquivo)":"-","Ata (Arquivo)":"https:\/\/storage.googleapis.com\/storage.itransparencia.com.br\/14\/sessions\/1762\/h3g3KisDVRSqUKUEZ0SZNiHNujgWvphRVpgsNBZq.pdf"},{"Tipo":"Ordin\u00e1ria","N\u00famero":5,"Exerc\u00edcio":2025,"Data":"09\/04\/2025","Status":"Encerrada","Legislatura":"LEGISLATURA (2025 - 2028)","Descri\u00e7\u00e3o":"ATA DA 5\u00aa SESS\u00c3O ORDIN\u00c1RIA REALIZADA NO DIA 09 DE ABRIL DE 2025.","Pauta (Arquivo)":"-","Ata (Arquivo)":"https:\/\/storage.googleapis.com\/storage.itransparencia.com.br\/14\/sessions\/1761\/r1C1MFrsgu5mJB4xiyGX3zjG4CyHtZaaScN9bYad.pdf"},{"Tipo":"Ordin\u00e1ria","N\u00famero":4,"Exerc\u00edcio":2025,"Data":"26\/03\/2025","Status":"Encerrada","Legislatura":"LEGISLATURA (2025 - 2028)","Descri\u00e7\u00e3o":"4&ordf; Sess&atilde;o Ordin&aacute;ria","Pauta (Arquivo)":"-","Ata (Arquivo)":"-"},{"Tipo":"Ordin\u00e1ria","N\u00famero":4,"Exerc\u00edcio":2025,"Data":"26\/03\/2025","Status":"Encerrada","Legislatura":"LEGISLATURA (2025 - 2028)","Descri\u00e7\u00e3o":"ATA DA 4\u00aa SESS\u00c3O ORDIN\u00c1RIA REALIZADA NO DIA 26 DE MAR\u00c7O DE 2025.","Pauta (Arquivo)":"-","Ata (Arquivo)":"-"},{"Tipo":"Ordin\u00e1ria","N\u00famero":3,"Exerc\u00edcio":2025,"Data":"12\/03\/2025","Status":"Encerrada","Legislatura":"LEGISLATURA (2025 - 2028)","Descri\u00e7\u00e3o":"ATA DA 3\u00aa SESS\u00c3O ORDIN\u00c1RIA REALIZADA NO DIA 12 DE MAR\u00c7O DE 2025.","Pauta (Arquivo)":"-","Ata (Arquivo)":"https:\/\/storage.googleapis.com\/storage.itransparencia.com.br\/14\/sessions\/1759\/zjmpBxCSeNhzCUhGfVGuCV6fcMBuFyDtymQ4ojX9.pdf"},{"Tipo":"Ordin\u00e1ria","N\u00famero":2,"Exerc\u00edcio":2025,"Data":"26\/02\/2025","Status":"Encerrada","Legislatura":"LEGISLATURA (2025 - 2028)","Descri\u00e7\u00e3o":"ATA DA 2\u00aa SESS\u00c3O ORDIN\u00c1RIA REALIAZADA NO DIA 26 DE FEVEREIRO DE 2025.","Pauta (Arquivo)":"-","Ata (Arquivo)":"https:\/\/storage.googleapis.com\/storage.itransparencia.com.br\/14\/sessions\/1758\/8SJzcnKaeND0ZoWDa5ou9lLHMvjDicFM3BzxReVq.pdf"},{"Tipo":"Ordin\u00e1ria","N\u00famero":1,"Exerc\u00edcio":2025,"Data":"12\/02\/2025","Status":"Encerrada","Legislatura":"LEGISLATURA (2025 - 2028)","Descri\u00e7\u00e3o":"ATA DA 1\u00aa SESS\u00c3O ORDIN\u00c1RIA EM 12 DE FEVEREIRO DE 2025","Pauta (Arquivo)":"-","Ata (Arquivo)":"https:\/\/storage.googleapis.com\/storage.itransparencia.com.br\/14\/sessions\/1757\/YLkdJXXyHwIsbhQUBr7PBWZgBXgNoHb6plX45x7C.pdf"},{"Tipo":"Extra-Ordin\u00e1ria","N\u00famero":7,"Exerc\u00edcio":2025,"Data":"24\/01\/2025","Status":"Encerrada","Legislatura":"LEGISLATURA (2025 - 2028)","Descri\u00e7\u00e3o":"ATA DA 7\u00aa SESS\u00c3O EXTRAORDIN\u00c1RIA EM 24 DE DE JANEIRO DE 2025","Pauta (Arquivo)":"-","Ata (Arquivo)":"-"},{"Tipo":"Extra-Ordin\u00e1ria","N\u00famero":8,"Exerc\u00edcio":2025,"Data":"24\/01\/2025","Status":"Encerrada","Legislatura":"LEGISLATURA (2025 - 2028)","Descri\u00e7\u00e3o":"ATA DA 8\u00aa SESS\u00c3O EXTRAORDIN\u00c1RIA EM 24 DE DE JANEIRO DE 2025","Pauta (Arquivo)":"-","Ata (Arquivo)":"-"},{"Tipo":"Ordin\u00e1ria","N\u00famero":9,"Exerc\u00edcio":2025,"Data":"24\/01\/2025","Status":"Encerrada","Legislatura":"LEGISLATURA (2025 - 2028)","Descri\u00e7\u00e3o":"ATA DA 9\u00aa SESS\u00c3O EXTRAORDIN\u00c1RIA EM 24 DE DE JANEIRO DE 2025","Pauta (Arquivo)":"-","Ata (Arquivo)":"-"},{"Tipo":"Extra-Ordin\u00e1ria","N\u00famero":10,"Exerc\u00edcio":2025,"Data":"24\/01\/2025","Status":"Encerrada","Legislatura":"LEGISLATURA (2025 - 2028)","Descri\u00e7\u00e3o":"ATA DA 10\u00aa SESS\u00c3O EXTRAORDIN\u00c1RIA EM 24 DE DE JANEIRO DE 2025","Pauta (Arquivo)":"-","Ata (Arquivo)":"-"},{"Tipo":"Extra-Ordin\u00e1ria","N\u00famero":11,"Exerc\u00edcio":2025,"Data":"24\/01\/2025","Status":"Encerrada","Legislatura":"LEGISLATURA (2025 - 2028)","Descri\u00e7\u00e3o":"ATA DA 11\u00aa SESS\u00c3O EXTRAORDIN\u00c1RIA EM 24 DE DE JANEIRO DE 2025","Pauta (Arquivo)":"-","Ata (Arquivo)":"-"},{"Tipo":"Extra-Ordin\u00e1ria","N\u00famero":1,"Exerc\u00edcio":2025,"Data":"21\/01\/2025","Status":"Encerrada","Legislatura":"LEGISLATURA (2025 - 2028)","Descri\u00e7\u00e3o":"ATA DA 1\u00aa SESS\u00c3O EXTRAORDIN\u00c1RIA EM 21 DE DE JANEIRO DE 2025","Pauta (Arquivo)":"-","Ata (Arquivo)":"https:\/\/storage.googleapis.com\/storage.itransparencia.com.br\/14\/sessions\/1614\/ffHN49b49ZRUpUszs0hz3x7zB9ekp78dqXCth0es.pdf"},{"Tipo":"Extra-Ordin\u00e1ria","N\u00famero":2,"Exerc\u00edcio":2025,"Data":"21\/01\/2025","Status":"Encerrada","Legislatura":"LEGISLATURA (2025 - 2028)","Descri\u00e7\u00e3o":"ATA DA 2\u00aa SESS\u00c3O EXTRAORDIN\u00c1RIA EM 21 DE DE JANEIRO DE 2025","Pauta (Arquivo)":"-","Ata (Arquivo)":"https:\/\/storage.googleapis.com\/storage.itransparencia.com.br\/14\/sessions\/1615\/gXr1uWHYhVwCfP4ijWFLKWPxhcfvm5I7MnzKov26.pdf"},{"Tipo":"Extra-Ordin\u00e1ria","N\u00famero":3,"Exerc\u00edcio":2025,"Data":"21\/01\/2025","Status":"Encerrada","Legislatura":"LEGISLATURA (2025 - 2028)","Descri\u00e7\u00e3o":"ATA DA 3\u00aa SESS\u00c3O EXTRAORDIN\u00c1RIA EM 21 DE DE JANEIRO DE 2025","Pauta (Arquivo)":"-","Ata (Arquivo)":"https:\/\/storage.googleapis.com\/storage.itransparencia.com.br\/14\/sessions\/1616\/mHUl9I62Ng2XWhhVxkmlg2v7dgzIMiaYVnizTyLa.pdf"},{"Tipo":"Extra-Ordin\u00e1ria","N\u00famero":4,"Exerc\u00edcio":2025,"Data":"21\/01\/2025","Status":"Encerrada","Legislatura":"LEGISLATURA (2025 - 2028)","Descri\u00e7\u00e3o":"ATA DA 4\u00aa SESS\u00c3O EXTRAORDIN\u00c1RIA EM 21 DE DE JANEIRO DE 2025","Pauta (Arquivo)":"-","Ata (Arquivo)":"https:\/\/storage.googleapis.com\/storage.itransparencia.com.br\/14\/sessions\/1617\/WykOl2FBG3gJnexlHx5B1WeR9KbWxwHiQKkVZ3q1.pdf"},{"Tipo":"Extra-Ordin\u00e1ria","N\u00famero":5,"Exerc\u00edcio":2025,"Data":"21\/01\/2025","Status":"Encerrada","Legislatura":"LEGISLATURA (2025 - 2028)","Descri\u00e7\u00e3o":"ATA DA 5\u00aa SESS\u00c3O EXTRAORDIN\u00c1RIA EM 21 DE DE JANEIRO DE 2025","Pauta (Arquivo)":"-","Ata (Arquivo)":"https:\/\/storage.googleapis.com\/storage.itransparencia.com.br\/14\/sessions\/1618\/RmQCv5BM7stNDwncJe7PQJDRam42QuzYi88zxF46.pdf"},{"Tipo":"Extra-Ordin\u00e1ria","N\u00famero":6,"Exerc\u00edcio":2025,"Data":"21\/01\/2025","Status":"Encerrada","Legislatura":"LEGISLATURA (2025 - 2028)","Descri\u00e7\u00e3o":"ATA DA 6\u00aa SESS\u00c3O EXTRAORDIN\u00c1RIA EM 21 DE DE JANEIRO DE 2025","Pauta (Arquivo)":"-","Ata (Arquivo)":"https:\/\/storage.googleapis.com\/storage.itransparencia.com.br\/14\/sessions\/1619\/6uMYEsCRuAOyOQMd0OhCgW7UpaUkSN0M7cpuvki8.pdf"},{"Tipo":"Abertura de per\u00edodo Legislativo","N\u00famero":1,"Exerc\u00edcio":2025,"Data":"01\/01\/2025","Status":"Encerrada","Legislatura":"LEGISLATURA (2025 - 2028)","Descri\u00e7\u00e3o":"Ata de posse.","Pauta (Arquivo)":"-","Ata (Arquivo)":"-"},{"Tipo":"Ordin\u00e1ria","N\u00famero":20,"Exerc\u00edcio":2024,"Data":"23\/11\/2024","Status":"Encerrada","Legislatura":"LEGISLATURA (2021 - 2024)","Descri\u00e7\u00e3o":"ATA DA 20 SESS\u00c3O ORDIN\u00c1RIA EM 19 DE NOVEMBRO D 2024.","Pauta (Arquivo)":"-","Ata (Arquivo)":"https:\/\/storage.googleapis.com\/storage.itransparencia.com.br\/14\/sessions\/1594\/LmMniML1Qmn7HGRNcy0TyjlOMwbVi8KoVbMrmi0r.pdf"},{"Tipo":"Ordin\u00e1ria","N\u00famero":19,"Exerc\u00edcio":2024,"Data":"09\/11\/2024","Status":"Encerrada","Legislatura":"LEGISLATURA (2021 - 2024)","Descri\u00e7\u00e3o":"ATA DA 19\u00aa SESS\u00c3O ORDIN\u00c1RIA EM 09 DE NOVEMBRO DE 2024","Pauta (Arquivo)":"-","Ata (Arquivo)":"https:\/\/storage.googleapis.com\/storage.itransparencia.com.br\/14\/sessions\/1593\/TGJcDUDxn9Wf9kMQ4WZu6jA0WrbsWZK8pGxVDEve.pdf"},{"Tipo":"Ordin\u00e1ria","N\u00famero":18,"Exerc\u00edcio":2024,"Data":"26\/10\/2024","Status":"Encerrada","Legislatura":"LEGISLATURA (2021 - 2024)","Descri\u00e7\u00e3o":"ATA DA 18\u00aa SESS\u00c3O ORDIN\u00c1RIA EM 26 DE OUTUBRO DE 2024.","Pauta (Arquivo)":"-","Ata (Arquivo)":"https:\/\/storage.googleapis.com\/storage.itransparencia.com.br\/14\/sessions\/1592\/6PqzNyyMnmtWDzJ621RSgraAW7PxduiPQ31fT7bN.pdf"},{"Tipo":"Extra-Ordin\u00e1ria","N\u00famero":10,"Exerc\u00edcio":2024,"Data":"25\/10\/2024","Status":"Encerrada","Legislatura":"LEGISLATURA (2021 - 2024)","Descri\u00e7\u00e3o":"ATA DA 10\u00aa SESS\u00c3O EXTRAORDIN\u00c1RIA PARA REALIZA\u00c7\u00c3O DE ELEI\u00c7\u00d5ES INDIRETAS.","Pauta (Arquivo)":"-","Ata (Arquivo)":"-"},{"Tipo":"Solene","N\u00famero":2,"Exerc\u00edcio":2024,"Data":"25\/10\/2024","Status":"Encerrada","Legislatura":"LEGISLATURA (2021 - 2024)","Descri\u00e7\u00e3o":"ATA DA SESS\u00c3O SOLENE PARA POSSE DE PREFEITO E VICE-PREFEITO DE PACUJ\u00c1 ELEITOS NAS ELEI\u00c7\u00d5ES INDIRETAS.","Pauta (Arquivo)":"-","Ata (Arquivo)":"-"},{"Tipo":"Ordin\u00e1ria","N\u00famero":17,"Exerc\u00edcio":2024,"Data":"12\/10\/2024","Status":"Encerrada","Legislatura":"LEGISLATURA (2021 - 2024)","Descri\u00e7\u00e3o":"ATA DA 17\u00aa SESS\u00c3O ORDIN\u00c1RIA","Pauta (Arquivo)":"-","Ata (Arquivo)":"https:\/\/storage.googleapis.com\/storage.itransparencia.com.br\/14\/sessions\/1563\/Wt9DnC9uDOBxtjeRjLzFN74R0JThaXiLScJPOZOi.pdf"},{"Tipo":"Ordin\u00e1ria","N\u00famero":16,"Exerc\u00edcio":2024,"Data":"28\/09\/2024","Status":"Encerrada","Legislatura":"LEGISLATURA (2021 - 2024)","Descri\u00e7\u00e3o":"ATA DA 16\u00aa SESS\u00c3O ORDIN\u00c1RIA EM 28 DE SETEMBRO DE 2024.","Pauta (Arquivo)":"-","Ata (Arquivo)":"https:\/\/storage.googleapis.com\/storage.itransparencia.com.br\/14\/sessions\/1532\/mDR1aPGS0nXb2bBuSXFQqHgLMFdkmdBVxZzBtFnx.pdf"},{"Tipo":"Solene","N\u00famero":1,"Exerc\u00edcio":2024,"Data":"14\/09\/2024","Status":"Encerrada","Legislatura":"LEGISLATURA (2021 - 2024)","Descri\u00e7\u00e3o":"ATA DA SESS\u00c3O SOLENE EM HOMENAGEM P\u00d3STUMAS A RAIMUNDA NOTA ALVES- EX PREFEITA.","Pauta (Arquivo)":"-","Ata (Arquivo)":"-"},{"Tipo":"Ordin\u00e1ria","N\u00famero":15,"Exerc\u00edcio":2024,"Data":"14\/09\/2024","Status":"Encerrada","Legislatura":"LEGISLATURA (2021 - 2024)","Descri\u00e7\u00e3o":"ATA DA 15\u00aa SESS\u00c3O ORDIN\u00c1RIA EM 14 DE SETEMBRO DE 2024.","Pauta (Arquivo)":"-","Ata (Arquivo)":"https:\/\/storage.googleapis.com\/storage.itransparencia.com.br\/14\/sessions\/1531\/9DJiqmy3nqGA9LdNIj91SupHBY8T01u2ITNjqc21.pdf"},{"Tipo":"Ordin\u00e1ria","N\u00famero":14,"Exerc\u00edcio":2024,"Data":"31\/08\/2024","Status":"Encerrada","Legislatura":"LEGISLATURA (2021 - 2024)","Descri\u00e7\u00e3o":"ATA DA 14\u00aa SESS\u00c3O ORDIN\u00c1RIA EM 31 DE AGOSTO DE 2024.","Pauta (Arquivo)":"-","Ata (Arquivo)":"https:\/\/storage.googleapis.com\/storage.itransparencia.com.br\/14\/sessions\/1517\/TIeBQoEVciPPY6XMwjnUHJavHf0FWA5EhtsDmV9K.pdf"},{"Tipo":"Ordin\u00e1ria","N\u00famero":13,"Exerc\u00edcio":2024,"Data":"17\/08\/2024","Status":"Encerrada","Legislatura":"LEGISLATURA (2021 - 2024)","Descri\u00e7\u00e3o":"13\u00aa SESS\u00c3O ORDIN\u00c1RIA EM 17 DE AGOSTO DE 2024.","Pauta (Arquivo)":"-","Ata (Arquivo)":"https:\/\/storage.googleapis.com\/storage.itransparencia.com.br\/14\/sessions\/1491\/roM3bU5v6YuDFKCSske139gO1NQnBA1rGwI04Usb.pdf"},{"Tipo":"Ordin\u00e1ria","N\u00famero":12,"Exerc\u00edcio":2024,"Data":"03\/08\/2024","Status":"Encerrada","Legislatura":"LEGISLATURA (2021 - 2024)","Descri\u00e7\u00e3o":"12\u00aa SESS\u00c3O ORDIN\u00c1RIA EM 03 DE AGOSTO DE 2024.","Pauta (Arquivo)":"-","Ata (Arquivo)":"-"},{"Tipo":"Extra-Ordin\u00e1ria","N\u00famero":9,"Exerc\u00edcio":2024,"Data":"04\/07\/2024","Status":"Encerrada","Legislatura":"LEGISLATURA (2021 - 2024)","Descri\u00e7\u00e3o":"9\u00aa SESS\u00c3O EXTRAORDIN\u00c1RIA EM 04 DE JULHO DE 2024.","Pauta (Arquivo)":"-","Ata (Arquivo)":"-"},{"Tipo":"Extra-Ordin\u00e1ria","N\u00famero":7,"Exerc\u00edcio":2024,"Data":"28\/06\/2024","Status":"Encerrada","Legislatura":"LEGISLATURA (2021 - 2024)","Descri\u00e7\u00e3o":"Ata da 7\u00aa sess\u00e3o extraordin\u00e1ria em 28 de junho de 2024.","Pauta (Arquivo)":"-","Ata (Arquivo)":"-"},{"Tipo":"Extra-Ordin\u00e1ria","N\u00famero":8,"Exerc\u00edcio":2024,"Data":"28\/06\/2024","Status":"Encerrada","Legislatura":"LEGISLATURA (2021 - 2024)","Descri\u00e7\u00e3o":"ATA DA 8\u00aa SESS\u00c3O EXTRAORDIN\u00c1RIA EM 08 DE JUNHO DE 2024","Pauta (Arquivo)":"-","Ata (Arquivo)":"-"},{"Tipo":"Ordin\u00e1ria","N\u00famero":11,"Exerc\u00edcio":2024,"Data":"22\/06\/2024","Status":"Encerrada","Legislatura":"LEGISLATURA (2021 - 2024)","Descri\u00e7\u00e3o":"ATA DA 11\u00aa SESS\u00c3O ORDIN\u00c1RIA EM 22 DE JUNHO DE 2024.","Pauta (Arquivo)":"-","Ata (Arquivo)":"-"},{"Tipo":"Ordin\u00e1ria","N\u00famero":10,"Exerc\u00edcio":2024,"Data":"08\/06\/2024","Status":"Encerrada","Legislatura":"LEGISLATURA (2021 - 2024)","Descri\u00e7\u00e3o":"Ata da10\u00aa Sess\u00e3o Ordin\u00e1ria realizada em 08 de junho de 2024","Pauta (Arquivo)":"-","Ata (Arquivo)":"-"},{"Tipo":"Ordin\u00e1ria","N\u00famero":9,"Exerc\u00edcio":2024,"Data":"25\/05\/2024","Status":"Encerrada","Legislatura":"LEGISLATURA (2021 - 2024)","Descri\u00e7\u00e3o":"ATA da 9\u00aa Sess\u00e3o ordin\u00e1ria da 4\u00aa sess\u00e3o legislativa da 16\u00aa legislatura da C\u00e2mara municipal de Pacuj\u00e1, realizada em 25 de maio de 2024","Pauta (Arquivo)":"-","Ata (Arquivo)":"https:\/\/storage.googleapis.com\/storage.itransparencia.com.br\/14\/sessions\/1454\/CP2z1UxJEGF5tnOSUPfzk8T1ZMTkhJa9L1EP0V8N.pdf"},{"Tipo":"Ordin\u00e1ria","N\u00famero":8,"Exerc\u00edcio":2024,"Data":"11\/05\/2024","Status":"Encerrada","Legislatura":"LEGISLATURA (2021 - 2024)","Descri\u00e7\u00e3o":"ATA da 8\u00aa Sess\u00e3o ordin\u00e1ria da 4\u00aa sess\u00e3o legislativa da 16\u00aa legislatura da C\u00e2mara municipal de Pacuj\u00e1, realizada em 11 de maio de 2024.","Pauta (Arquivo)":"-","Ata (Arquivo)":"https:\/\/storage.googleapis.com\/storage.itransparencia.com.br\/14\/sessions\/1432\/FMxIqhw546XW9uhyrvAQI8H19d9ZwpooEP96A7t8.pdf"},{"Tipo":"Extra-Ordin\u00e1ria","N\u00famero":6,"Exerc\u00edcio":2024,"Data":"07\/05\/2024","Status":"Encerrada","Legislatura":"LEGISLATURA (2021 - 2024)","Descri\u00e7\u00e3o":"ATA da 6\u00aa Sess\u00e3o extraordin\u00e1ria da 4\u00aa sess\u00e3o legislativa da 16\u00aa legislatura da C\u00e2mara municipal de Pacuj\u00e1, realizada em 07 de maio de 2024.","Pauta (Arquivo)":"-","Ata (Arquivo)":"-"},{"Tipo":"Extra-Ordin\u00e1ria","N\u00famero":5,"Exerc\u00edcio":2024,"Data":"07\/05\/2024","Status":"Encerrada","Legislatura":"LEGISLATURA (2021 - 2024)","Descri\u00e7\u00e3o":"ATA da 5\u00aa Sess\u00e3o extraordin\u00e1ria da 4\u00aa sess\u00e3o legislativa da 16\u00aa legislatura da C\u00e2mara municipal de Pacuj\u00e1, realizada em 07 de maio de 2024.","Pauta (Arquivo)":"-","Ata (Arquivo)":"-"},{"Tipo":"Ordin\u00e1ria","N\u00famero":7,"Exerc\u00edcio":2024,"Data":"27\/04\/2024","Status":"Encerrada","Legislatura":"LEGISLATURA (2021 - 2024)","Descri\u00e7\u00e3o":"ATA da 7\u00aa Sess\u00e3o ordin\u00e1ria da 4\u00aa sess\u00e3o legislativa da 16\u00aa legislatura da C\u00e2mara municipal de Pacuj\u00e1, realizada em 27 de abril de 2024.","Pauta (Arquivo)":"-","Ata (Arquivo)":"https:\/\/storage.googleapis.com\/storage.itransparencia.com.br\/14\/sessions\/1410\/6bYJBMdfuXai4KvY2r9kPHbElUcP8LnyLXt3sKhO.pdf"},{"Tipo":"Ordin\u00e1ria","N\u00famero":6,"Exerc\u00edcio":2024,"Data":"13\/04\/2024","Status":"Encerrada","Legislatura":"LEGISLATURA (2021 - 2024)","Descri\u00e7\u00e3o":"ATA da 6\u00aa Sess\u00e3o ordin\u00e1ria da 4\u00aa sess\u00e3o legislativa da 16\u00aa legislatura da C\u00e2mara municipal de Pacuj\u00e1, realizada em 13 de abril 2024.","Pauta (Arquivo)":"-","Ata (Arquivo)":"https:\/\/storage.googleapis.com\/storage.itransparencia.com.br\/14\/sessions\/1388\/9iOa6LD80iQmwWElMpmpAnYO3Tw0soGk6XdIrLgM.pdf"},{"Tipo":"Ordin\u00e1ria","N\u00famero":5,"Exerc\u00edcio":2024,"Data":"30\/03\/2024","Status":"Encerrada","Legislatura":"LEGISLATURA (2021 - 2024)","Descri\u00e7\u00e3o":"ATA da 5\u00aa Sess\u00e3o ordin\u00e1ria da 4\u00aa sess\u00e3o legislativa da 16\u00aa legislatura da C\u00e2mara municipal de Pacuj\u00e1, realizada em 30 de mar\u00e7o de 2024.","Pauta (Arquivo)":"-","Ata (Arquivo)":"https:\/\/storage.googleapis.com\/storage.itransparencia.com.br\/14\/sessions\/1371\/5fMfTgrvrvdnlfsQRakWRxsie05mkV8hbyxddQwL.pdf"},{"Tipo":"Ordin\u00e1ria","N\u00famero":4,"Exerc\u00edcio":2024,"Data":"16\/03\/2024","Status":"Encerrada","Legislatura":"LEGISLATURA (2021 - 2024)","Descri\u00e7\u00e3o":"ATA da 4\u00aa Sess\u00e3o ordin\u00e1ria da 4\u00aa sess\u00e3o legislativa da 16\u00aa legislatura da C\u00e2mara municipal de Pacuj\u00e1, realizada em 16 de mar\u00e7o de 2024.","Pauta (Arquivo)":"-","Ata (Arquivo)":"https:\/\/storage.googleapis.com\/storage.itransparencia.com.br\/14\/sessions\/1311\/FRO6aZKubVs5BdYT5c5kLzoZBHLzsMtQz27ekxzF.pdf"},{"Tipo":"Ordin\u00e1ria","N\u00famero":3,"Exerc\u00edcio":2024,"Data":"02\/03\/2024","Status":"Encerrada","Legislatura":"LEGISLATURA (2021 - 2024)","Descri\u00e7\u00e3o":"ATA da 3\u00aa Sess\u00e3o ordin\u00e1ria da 4\u00aa sess\u00e3o legislativa da 16\u00aa legislatura da C\u00e2mara municipal de Pacuj\u00e1, realizada em 03 de mar\u00e7o de 2024.","Pauta (Arquivo)":"-","Ata (Arquivo)":"https:\/\/storage.googleapis.com\/storage.itransparencia.com.br\/14\/sessions\/1292\/3ZIe94hbuRBbcCQHzZL1UHLBcJQFDBzx4sfufVEM.pdf"},{"Tipo":"Ordin\u00e1ria","N\u00famero":2,"Exerc\u00edcio":2024,"Data":"17\/02\/2024","Status":"Encerrada","Legislatura":"LEGISLATURA (2021 - 2024)","Descri\u00e7\u00e3o":"ATA da 2\u00aa Sess\u00e3o ordin\u00e1ria da 4\u00aa sess\u00e3o legislativa da 16\u00aa legislatura da C\u00e2mara municipal de Pacuj\u00e1, realizada em 17 de fevereiro de 2024.","Pauta (Arquivo)":"-","Ata (Arquivo)":"https:\/\/storage.googleapis.com\/storage.itransparencia.com.br\/14\/sessions\/1291\/VFrmwVupZ8x85ijGwBGwlv1Pry36Bm2QosPvilyl.pdf"},{"Tipo":"Ordin\u00e1ria","N\u00famero":1,"Exerc\u00edcio":2024,"Data":"03\/02\/2024","Status":"Encerrada","Legislatura":"LEGISLATURA (2021 - 2024)","Descri\u00e7\u00e3o":"ATA da 1\u00aa Sess\u00e3o ordin\u00e1ria da 4\u00aa sess\u00e3o legislativa da 16\u00aa legislatura da C\u00e2mara municipal de Pacuj\u00e1, realizada em 03 de fevereiro de 2024.","Pauta (Arquivo)":"-","Ata (Arquivo)":"https:\/\/storage.googleapis.com\/storage.itransparencia.com.br\/14\/sessions\/1228\/gO3JgbQplv1rvQ8fG5SF0WVX04KRpeJuBDg0Hxzh.pdf"},{"Tipo":"Extra-Ordin\u00e1ria","N\u00famero":4,"Exerc\u00edcio":2024,"Data":"20\/01\/2024","Status":"Encerrada","Legislatura":"LEGISLATURA (2021 - 2024)","Descri\u00e7\u00e3o":"ATA da 4\u00aa Sess\u00e3o Extraordin\u00e1ria da 4\u00aa sess\u00e3o legislativa da 16\u00aa legislatura da C\u00e2mara municipal de Pacuj\u00e1, realizada em 20 de janeiro de 2024.","Pauta (Arquivo)":"-","Ata (Arquivo)":"https:\/\/storage.googleapis.com\/storage.itransparencia.com.br\/14\/sessions\/1206\/kKETsag1HG9Vz137PXWbEndByaQgCwWgkH37yhwD.pdf"},{"Tipo":"Extra-Ordin\u00e1ria","N\u00famero":3,"Exerc\u00edcio":2024,"Data":"20\/01\/2024","Status":"Encerrada","Legislatura":"LEGISLATURA (2021 - 2024)","Descri\u00e7\u00e3o":"ATA da 3\u00aa Sess\u00e3o Extraordin\u00e1ria da 4\u00aa sess\u00e3o legislativa da 16\u00aa legislatura da C\u00e2mara municipal de Pacuj\u00e1, realizada em 20 de janeiro de 2024.","Pauta (Arquivo)":"-","Ata (Arquivo)":"https:\/\/storage.googleapis.com\/storage.itransparencia.com.br\/14\/sessions\/1207\/uXVlSJlDwlb6r97dyywXHmm3Mru1guC4Z6TirYCY.pdf"},{"Tipo":"Extra-Ordin\u00e1ria","N\u00famero":2,"Exerc\u00edcio":2024,"Data":"20\/01\/2024","Status":"Encerrada","Legislatura":"LEGISLATURA (2021 - 2024)","Descri\u00e7\u00e3o":"ATA da 2\u00aa Sess\u00e3o Extraordin\u00e1ria da 4\u00aa sess\u00e3o legislativa da 16\u00aa legislatura da C\u00e2mara municipal de Pacuj\u00e1, realizada em 20 de janeiro de 2024.","Pauta (Arquivo)":"-","Ata (Arquivo)":"https:\/\/storage.googleapis.com\/storage.itransparencia.com.br\/14\/sessions\/1208\/Tnxe0g2XO0dBZDJYvUTBW51tp2Q5oc8nVQfKISPX.pdf"},{"Tipo":"Extra-Ordin\u00e1ria","N\u00famero":1,"Exerc\u00edcio":2024,"Data":"20\/01\/2024","Status":"Encerrada","Legislatura":"LEGISLATURA (2021 - 2024)","Descri\u00e7\u00e3o":"ATA da 1\u00aa Sess\u00e3o Extraordin\u00e1ria da 4\u00aa sess\u00e3o legislativa da 16\u00aa legislatura da C\u00e2mara municipal de Pacuj\u00e1, realizada em 20 de janeiro de 2024.","Pauta (Arquivo)":"-","Ata (Arquivo)":"https:\/\/storage.googleapis.com\/storage.itransparencia.com.br\/14\/sessions\/1209\/0EUMAwDnFxpIOkJKcXfaiv1CVQPImBvn4qPFDT5i.pdf"},{"Tipo":"Ordin\u00e1ria","N\u00famero":20,"Exerc\u00edcio":2023,"Data":"30\/11\/2023","Status":"Encerrada","Legislatura":"LEGISLATURA (2021 - 2024)","Descri\u00e7\u00e3o":"ATA da 20\u00aa Sess\u00e3o ordin\u00e1ria da 3\u00aa sess\u00e3o legislativa da 16\u00aa legislatura da C\u00e2mara municipal de Pacuj\u00e1, realizada em 11 de novembro de 2023.","Pauta (Arquivo)":"-","Ata (Arquivo)":"https:\/\/storage.googleapis.com\/storage.itransparencia.com.br\/14\/sessions\/1227\/HoEWi5hGpohoNogpWIjCUSEq9g8oaamAwo3W2ERe.pdf"},{"Tipo":"Ordin\u00e1ria","N\u00famero":16,"Exerc\u00edcio":2023,"Data":"05\/10\/2023","Status":"Encerrada","Legislatura":"LEGISLATURA (2021 - 2024)","Descri\u00e7\u00e3o":"ATA DA 16\u00aa SESS\u00c3O ORDIN\u00c1RIA DA 3\u00aa SESS\u00c3O LEGISLATURA DA  16\u00aa LEGISLATURA DA C\u00c2MARA MUNICIPAL DE PACUJ\u00c1, REALIZADA EM 05 DE OUTUBRO DE 2023.","Pauta (Arquivo)":"-","Ata (Arquivo)":"-"},{"Tipo":"Ordin\u00e1ria","N\u00famero":15,"Exerc\u00edcio":2023,"Data":"21\/09\/2023","Status":"Encerrada","Legislatura":"LEGISLATURA (2021 - 2024)","Descri\u00e7\u00e3o":"ATA DA 15\u00aa SESS\u00c3O ORDIN\u00c1RIA DA 3\u00aa SESS\u00c3O LEGISLATIVA DA 16\u00aa LEGISLATURA DA C\u00c2MARA MUNICIPAL DE PACUJ\u00c1 REALIZADA EM 21 DE SETEMBRO DE 2023.","Pauta (Arquivo)":"-","Ata (Arquivo)":"-"},{"Tipo":"Ordin\u00e1ria","N\u00famero":13,"Exerc\u00edcio":2023,"Data":"24\/08\/2023","Status":"Encerrada","Legislatura":"LEGISLATURA (2021 - 2024)","Descri\u00e7\u00e3o":"ATA DA 13\u00aa SESS\u00c3O ORDIN\u00c1RIA DA 3\u00aa SESS\u00c3O LEGISLATIVA DA 16\u00aa LEGISLATURA DA C\u00c2MARA MUNICIPAL DE PACUJ\u00c1 REALIZADA EM 24 DE AGOSTO DE 2023.","Pauta (Arquivo)":"-","Ata (Arquivo)":"-"},{"Tipo":"Ordin\u00e1ria","N\u00famero":11,"Exerc\u00edcio":2023,"Data":"29\/07\/2023","Status":"Encerrada","Legislatura":"LEGISLATURA (2021 - 2024)","Descri\u00e7\u00e3o":"ATA DA 11\u00aa SESS\u00c3O ORDIN\u00c1RIA DA 3\u00aa SESS\u00c3O LEGISLATIVA DA 16\u00aa LEGISLATURA DA C\u00c2MARA MUNICIPAL DE PACUJ\u00c1 REALIZADA 29 DE JUNHO 2023","Pauta (Arquivo)":"-","Ata (Arquivo)":"-"},{"Tipo":"Ordin\u00e1ria","N\u00famero":10,"Exerc\u00edcio":2023,"Data":"15\/06\/2023","Status":"Encerrada","Legislatura":"LEGISLATURA (2021 - 2024)","Descri\u00e7\u00e3o":"ATA DA 10\u00aa SESS\u00c3O ORDIN\u00c1RIA DA 3\u00aa SESS\u00c3O LEGISLATIVA DA 16\u00aa LEGISLATURA DA C\u00c2MARA MUNICIPAL DE PACUJ\u00c1 REALIZADA 15 DE JUNHO DE 2023","Pauta (Arquivo)":"-","Ata (Arquivo)":"-"},{"Tipo":"Ordin\u00e1ria","N\u00famero":9,"Exerc\u00edcio":2023,"Data":"01\/06\/2023","Status":"Encerrada","Legislatura":"LEGISLATURA (2021 - 2024)","Descri\u00e7\u00e3o":"ATA DA 9\u00aa SESS\u00c3O ORDIN\u00c1RIA DA 3\u00aa SESS\u00c3O LEGISLATIVA DA 16\u00aa SESS\u00c3O LEGISLATURA DA C\u00c2MARA MUNICIPAL DE PACUJ\u00c1 REALIZADA EM 01 DE JUNHO DE 2023","Pauta (Arquivo)":"-","Ata (Arquivo)":"-"},{"Tipo":"Extra-Ordin\u00e1ria","N\u00famero":4,"Exerc\u00edcio":2023,"Data":"28\/05\/2023","Status":"Encerrada","Legislatura":"LEGISLATURA (2021 - 2024)","Descri\u00e7\u00e3o":"ATA DA 4\u00aa SESS\u00c3O EXTRAORDIN\u00c1RIA DA 3\u00aa SESS\u00c3O LEGISLATIVA DA 16\u00aa LEGISLATURA DA C\u00c2MARA MUNICIPAL DE PACUJ\u00c1 REALIZADA EM 28 DE MAIO DE 2023","Pauta (Arquivo)":"-","Ata (Arquivo)":"-"},{"Tipo":"Ordin\u00e1ria","N\u00famero":8,"Exerc\u00edcio":2023,"Data":"18\/05\/2023","Status":"Encerrada","Legislatura":"LEGISLATURA (2021 - 2024)","Descri\u00e7\u00e3o":"ATA DA 8\u00aa SESS\u00c3O ORDIN\u00c1RIA DA 3\u00aa SESS\u00c3O LEGISLATIVA DA 16\u00aa LEGISLATURA DA C\u00c2MARA MINICIPAL DE PACUJ\u00c1 REALIZADA EM 18 DE MAIO DE 2023","Pauta (Arquivo)":"-","Ata (Arquivo)":"-"},{"Tipo":"Ordin\u00e1ria","N\u00famero":7,"Exerc\u00edcio":2023,"Data":"04\/05\/2023","Status":"Encerrada","Legislatura":"LEGISLATURA (2021 - 2024)","Descri\u00e7\u00e3o":"ATA DA 7\u00aa SESS\u00c3O ORDIN\u00c1RIA DA 3\u00aa SESS\u00c3O LEGISLATIVA DA 16\u00aa LEGISLATURA DA C\u00c2MARA MUNICIPAL DE PACUJ\u00c1 REALIZADA EM 04 DE MAIO DE 2023","Pauta (Arquivo)":"-","Ata (Arquivo)":"-"},{"Tipo":"Ordin\u00e1ria","N\u00famero":6,"Exerc\u00edcio":2023,"Data":"20\/04\/2023","Status":"Encerrada","Legislatura":"LEGISLATURA (2021 - 2024)","Descri\u00e7\u00e3o":"ATA DA 6\u00aa SESS\u00c3O ORDIN\u00c1RIA DA 3\u00aa SESS\u00c3O LEGISLATIVA DA 16\u00aa LEGISLATURA DA C\u00c2MARA MUNICIPAL DE PACUJ\u00c1 REALIZADA EM 20 DE ABRIL DE 2023","Pauta (Arquivo)":"-","Ata (Arquivo)":"https:\/\/storage.googleapis.com\/storage.itransparencia.com.br\/14\/sessions\/640\/GXGqwz0PRBa88ekwQ1ohDtKUFH9dnSDmwnm3toY0.pdf"},{"Tipo":"Ordin\u00e1ria","N\u00famero":5,"Exerc\u00edcio":2023,"Data":"06\/04\/2023","Status":"Encerrada","Legislatura":"LEGISLATURA (2021 - 2024)","Descri\u00e7\u00e3o":"ATA DA 5\u00aa SESS\u00c3O ORDIN\u00c1RIA DA 3\u00aa SESS\u00c3O LEGISLATIVA DA 16\u00aaLEGISLATURA DA C\u00c2MARA MUNICIPAL DE PACUJ\u00c1 REALIZADA EM 06 DE ABRIL DE 2023","Pauta (Arquivo)":"-","Ata (Arquivo)":"-"},{"Tipo":"Extra-Ordin\u00e1ria","N\u00famero":3,"Exerc\u00edcio":2023,"Data":"26\/03\/2023","Status":"Encerrada","Legislatura":"LEGISLATURA (2021 - 2024)","Descri\u00e7\u00e3o":"ATA DA 3\u00aa SESS\u00c3O EXTRAORDIN\u00c1RIA DA 3\u00aa SESS\u00c3O LEGISLATIVA DA 16\u00aa LEGISLATURA DA C\u00c2MARA MUNICIPAL DE PACUJ\u00c1 REALIZADA EM 262 DE MAR\u00c7O DE 2023","Pauta (Arquivo)":"-","Ata (Arquivo)":"-"},{"Tipo":"Ordin\u00e1ria","N\u00famero":4,"Exerc\u00edcio":2023,"Data":"23\/03\/2023","Status":"Encerrada","Legislatura":"LEGISLATURA (2021 - 2024)","Descri\u00e7\u00e3o":"ATA DA 4\u00aa SESS\u00c3O ORDIN\u00c1RIA DA 3\u00aa SESS\u00c3O LEGISLATIVA DA 16\u00aa LEGISLATURA DA C\u00c2MARA MUNICIPAL DE PACUJ\u00c1 REALIZADA EM 23 DE MAR\u00c7O DE 2023","Pauta (Arquivo)":"-","Ata (Arquivo)":"-"},{"Tipo":"Ordin\u00e1ria","N\u00famero":3,"Exerc\u00edcio":2023,"Data":"09\/03\/2023","Status":"Encerrada","Legislatura":"LEGISLATURA (2021 - 2024)","Descri\u00e7\u00e3o":"ATA DA 3\u00aa SESS\u00c3O ORDIN\u00c1RIA DA 3\u00aa SESS\u00c3O LEGISLATIVA DA 16\u00aa LEGISLATURA DA C\u00c2MARA MUNICIPAL DE PACUJ\u00c1 REALIZADA EM 09 DE MAR\u00c7O DE 2023","Pauta (Arquivo)":"-","Ata (Arquivo)":"-"},{"Tipo":"Ordin\u00e1ria","N\u00famero":2,"Exerc\u00edcio":2023,"Data":"23\/02\/2023","Status":"Encerrada","Legislatura":"LEGISLATURA (2021 - 2024)","Descri\u00e7\u00e3o":"ATA DA 2\u00aa SESS\u00c3O ORDIN\u00c1RIA DA 3\u00aa SESS\u00c3O LEGISLATIVA DA 16\u00aa LEGISLATURA DA C\u00c2MARA MUNICIPAL DE PACUJ\u00c1 REALIZADA EM 23 DE FEVEREIRO 2023","Pauta (Arquivo)":"-","Ata (Arquivo)":"https:\/\/storage.googleapis.com\/storage.itransparencia.com.br\/14\/sessions\/608\/s2PR6d6MMnXqDrSFAoZMb6FEyKaVweFR3Ka9h0AC.pdf"},{"Tipo":"Ordin\u00e1ria","N\u00famero":1,"Exerc\u00edcio":2023,"Data":"09\/02\/2023","Status":"Encerrada","Legislatura":"LEGISLATURA (2021 - 2024)","Descri\u00e7\u00e3o":"ATA DA 1\u00aa SESS\u00c3O ORDIN\u00c1RIA DA 3\u00aa SESS\u00c3O LEGISLATIVA DA 16\u00aa LEGISLATURA DA C\u00c2MARA MUNICIPAL DE PACUJ\u00c1 REALIZADA EM 09 DE FEVEREIRO DE 2023.","Pauta (Arquivo)":"-","Ata (Arquivo)":"https:\/\/storage.googleapis.com\/storage.itransparencia.com.br\/14\/sessions\/602\/6kRijhzdhClme0I6ndfylGtPYiLb2zgWw5s2sLIj.pdf"},{"Tipo":"Extra-Ordin\u00e1ria","N\u00famero":1,"Exerc\u00edcio":2023,"Data":"24\/01\/2023","Status":"Encerrada","Legislatura":"LEGISLATURA (2021 - 2024)","Descri\u00e7\u00e3o":"ATA DA 1\u00aa SESS\u00c3O EXTRAORDIN\u00c1RIA DA 3\u00aa SESS\u00c3O LEGISLATIVA DA 16\u00aa LEGISLATURA  DA C\u00c2MARA MUNCIPAL DE PACUJ\u00c1","Pauta (Arquivo)":"-","Ata (Arquivo)":"https:\/\/storage.googleapis.com\/storage.itransparencia.com.br\/14\/sessions\/593\/zGDdxys4CXKdu2JcLTGvBNnIi97W4Ups5WfCpuzq.pdf"},{"Tipo":"Extra-Ordin\u00e1ria","N\u00famero":2,"Exerc\u00edcio":2023,"Data":"24\/01\/2023","Status":"Encerrada","Legislatura":"LEGISLATURA (2021 - 2024)","Descri\u00e7\u00e3o":"ATA DA 2\u00aa SESS\u00c3O EXTRAORDIN\u00c1RIA DA 3\u00aa SESS\u00c3O LEGISLATIVA DA 16\u00aa LEGISLATURA  DA C\u00c2MARA MUNCIPAL DE PACUJ\u00c1","Pauta (Arquivo)":"-","Ata (Arquivo)":"https:\/\/storage.googleapis.com\/storage.itransparencia.com.br\/14\/sessions\/594\/jXUIQrlijr0og1tUechTCHPCEjPp41nIkYmqEHNE.pdf"},{"Tipo":"Solene","N\u00famero":1,"Exerc\u00edcio":2022,"Data":"28\/10\/2022","Status":"Encerrada","Legislatura":"LEGISLATURA (2021 - 2024)","Descri\u00e7\u00e3o":"ATA DA 1\u00aa SESS\u00c3O SOLENE DA 2\u00aa SESS\u00c3O LEGISLATIVA DA 16\u00aa LEGISLATURA DA C\u00c2MARA MUNICIPAL DE PACUJ\u00c1 - REALIZADA EM 28 DE OUTUBRO DE 2022.","Pauta (Arquivo)":"-","Ata (Arquivo)":"https:\/\/storage.googleapis.com\/storage.itransparencia.com.br\/14\/sessions\/579\/8MvuXmvXJGSXQ654AH29v1hdC78dSOK5TrKjItqx.pdf"},{"Tipo":"Ordin\u00e1ria","N\u00famero":17,"Exerc\u00edcio":2022,"Data":"20\/10\/2022","Status":"Encerrada","Legislatura":"LEGISLATURA (2021 - 2024)","Descri\u00e7\u00e3o":"ATA DA 17\u00aa SESS\u00c3O ORDIN\u00c1RIA DA 2\u00aa SESS\u00c3O LEGISLATIVA DA 16\u00aa LEGISLATURA DA C\u00c2MARA MUNICIPAL DE PACUJ\u00c1.","Pauta (Arquivo)":"-","Ata (Arquivo)":"https:\/\/storage.googleapis.com\/storage.itransparencia.com.br\/14\/sessions\/580\/apcDAoODbTucQK9TnV6L1lt1tmJOHzQkCFb9v4YQ.pdf"},{"Tipo":"Ordin\u00e1ria","N\u00famero":16,"Exerc\u00edcio":2022,"Data":"06\/10\/2022","Status":"Encerrada","Legislatura":"LEGISLATURA (2021 - 2024)","Descri\u00e7\u00e3o":"ATA DA 16\u00aa SESS\u00c3O ORDIN\u00c1RIA DA 2\u00aa SESS\u00c3O LEGISLATIVA DA 16\u00aa LEGISLATURA DA C\u00c2MARA MUNICIPAL DE PACUJ\u00c1.","Pauta (Arquivo)":"-","Ata (Arquivo)":"https:\/\/storage.googleapis.com\/storage.itransparencia.com.br\/14\/sessions\/577\/BSXmvIeq2LA1BzPhGm9RYjAQQoVReYYdm5oew8fs.pdf"},{"Tipo":"Ordin\u00e1ria","N\u00famero":15,"Exerc\u00edcio":2022,"Data":"23\/09\/2022","Status":"Encerrada","Legislatura":"LEGISLATURA (2021 - 2024)","Descri\u00e7\u00e3o":"ATA DA 15\u00aa SESS\u00c3O ORDIN\u00c1RIA DA 2\u00aa SESS\u00c3O LEGISLATIVA DA 16\u00ba LEGISLATIVA DA C\u00c2MARA MUNICIPAL DE PACUJ\u00c1.","Pauta (Arquivo)":"-","Ata (Arquivo)":"https:\/\/storage.googleapis.com\/storage.itransparencia.com.br\/14\/sessions\/575\/hVMH4uc6yNHHeOZLqUTe11LhB4uhF0InmkyHO1Mz.pdf"},{"Tipo":"Ordin\u00e1ria","N\u00famero":14,"Exerc\u00edcio":2022,"Data":"08\/09\/2022","Status":"Encerrada","Legislatura":"LEGISLATURA (2021 - 2024)","Descri\u00e7\u00e3o":"ATA DA 14\u00aa SESS\u00c3O ORDIN\u00c1RIA DA 2\u00aa SESS\u00c3O LEGISLATIVA DA 16\u00ba LEGISLATIVA DA C\u00c2MARA MUNICIPAL DE PACUJ\u00c1.","Pauta (Arquivo)":"-","Ata (Arquivo)":"https:\/\/storage.googleapis.com\/storage.itransparencia.com.br\/14\/sessions\/573\/NoHOC6M60DQYAQlfNGJB8VYP8myjRulsHZQsY9jE.pdf"},{"Tipo":"Ordin\u00e1ria","N\u00famero":13,"Exerc\u00edcio":2022,"Data":"25\/08\/2022","Status":"Encerrada","Legislatura":"LEGISLATURA (2021 - 2024)","Descri\u00e7\u00e3o":"ATA DA 13\u00aa SESS\u00c3O ORDIN\u00c1RIA DA 2\u00aa SESS\u00c3O LEGISLATIVA DA 16\u00aa LEGISLATURA DA C\u00c2MARA MUNICIPAL DE PACUJ\u00c1.","Pauta (Arquivo)":"-","Ata (Arquivo)":"https:\/\/storage.googleapis.com\/storage.itransparencia.com.br\/14\/sessions\/567\/eD99nWjElH0nueeke13Vgvn6fGZ1vgyOpChyfDJU.pdf"},{"Tipo":"Extra-Ordin\u00e1ria","N\u00famero":3,"Exerc\u00edcio":2022,"Data":"20\/08\/2022","Status":"Encerrada","Legislatura":"LEGISLATURA (2021 - 2024)","Descri\u00e7\u00e3o":"ATA DA 3\u00aa SESS\u00c3O EXTRA- ORDIN\u00c1RIA DA 2\u00aa SESS\u00c3O LEGISLATIVA DA 16\u00aa LEGISLATURA DA C\u00c2MARA MUNICIPAL DE PACUJ\u00c1.","Pauta (Arquivo)":"-","Ata (Arquivo)":"-"},{"Tipo":"Ordin\u00e1ria","N\u00famero":12,"Exerc\u00edcio":2022,"Data":"11\/08\/2022","Status":"Encerrada","Legislatura":"LEGISLATURA (2021 - 2024)","Descri\u00e7\u00e3o":"ATA DA 12\u00aa SESS\u00c3O ORDIN\u00c1RIA DA 2\u00aa SESS\u00c3O LEGISLATIVA DA 16\u00aa LEGISLATURA DA C\u00c2MARA MUNICIPAL DE PACUJ\u00c1.","Pauta (Arquivo)":"-","Ata (Arquivo)":"https:\/\/storage.googleapis.com\/storage.itransparencia.com.br\/14\/sessions\/566\/ahpCF5wbm4ojE17Wb6YijUYGowkI7qXwx5Sxmfzp.pdf"},{"Tipo":"Ordin\u00e1ria","N\u00famero":11,"Exerc\u00edcio":2022,"Data":"23\/06\/2022","Status":"Encerrada","Legislatura":"LEGISLATURA (2021 - 2024)","Descri\u00e7\u00e3o":"ATA DA 11\u00aa SESS\u00c3O ORDIN\u00c1RIA DA 2\u00aa SESS\u00c3O LEGISLATIVA DA 16\u00aa LEGISLATURA DA C\u00c2MARA MUNICIPAL DE PACUJ\u00c1.","Pauta (Arquivo)":"-","Ata (Arquivo)":"-"},{"Tipo":"Ordin\u00e1ria","N\u00famero":10,"Exerc\u00edcio":2022,"Data":"09\/06\/2022","Status":"Encerrada","Legislatura":"LEGISLATURA (2021 - 2024)","Descri\u00e7\u00e3o":"ATA DA 10\u00aa SESS\u00c3O ORDIN\u00c1RIA DA 2\u00aa SESS\u00c3O LEGISLATIVA DA 16\u00aa LEGISLATURA DA C\u00c2MARA MUNICIPAL DE PACUJ\u00c1.","Pauta (Arquivo)":"-","Ata (Arquivo)":"-"},{"Tipo":"Ordin\u00e1ria","N\u00famero":9,"Exerc\u00edcio":2022,"Data":"26\/05\/2022","Status":"Encerrada","Legislatura":"LEGISLATURA (2021 - 2024)","Descri\u00e7\u00e3o":"ATA DA 9\u00aa SESS\u00c3O ORDIN\u00c1RIA DA 2\u00aa SESS\u00c3O LEGISLATIVA DA 16\u00aa LEGISLATURA DA C\u00c2MARA MUNICIPAL DE PACUJ\u00c1.","Pauta (Arquivo)":"-","Ata (Arquivo)":"-"},{"Tipo":"Ordin\u00e1ria","N\u00famero":8,"Exerc\u00edcio":2022,"Data":"12\/05\/2022","Status":"Encerrada","Legislatura":"LEGISLATURA (2021 - 2024)","Descri\u00e7\u00e3o":"ATA DA 8\u00aa SESS\u00c3O ORDIN\u00c1RIA DA 2\u00aa SESS\u00c3O LEGISLATIVA DA 16\u00aa LEGISLATURA DA C\u00c2MARA MUNICIPAL DE PACUJ\u00c1.","Pauta (Arquivo)":"-","Ata (Arquivo)":"-"},{"Tipo":"Ordin\u00e1ria","N\u00famero":7,"Exerc\u00edcio":2022,"Data":"28\/04\/2022","Status":"Encerrada","Legislatura":"LEGISLATURA (2021 - 2024)","Descri\u00e7\u00e3o":"ATA DA 7\u00aa SESS\u00c3O ORDIN\u00c1RIA DA 2\u00aa SESS\u00c3O LEGISLATIVA DA 16\u00aa LEGISLATURA DA C\u00c2MARA MUNICIPAL DE PACUJ\u00c1.","Pauta (Arquivo)":"-","Ata (Arquivo)":"https:\/\/storage.googleapis.com\/storage.itransparencia.com.br\/14\/sessions\/544\/IeAvz1Eenvc8IIMq2fbW58LUWWfEkEwEs80vNP3d.pdf"},{"Tipo":"Ordin\u00e1ria","N\u00famero":6,"Exerc\u00edcio":2022,"Data":"14\/04\/2022","Status":"Encerrada","Legislatura":"LEGISLATURA (2021 - 2024)","Descri\u00e7\u00e3o":"ATA DA 6\u00aa SESS\u00c3O ORDIN\u00c1RIA DA 2\u00aa SESS\u00c3O LEGISLATIVA DA 16\u00aa LEGISLATURA DA C\u00c2MARA MUNICIPAL DE PACUJ\u00c1.","Pauta (Arquivo)":"-","Ata (Arquivo)":"-"},{"Tipo":"Ordin\u00e1ria","N\u00famero":5,"Exerc\u00edcio":2022,"Data":"31\/03\/2022","Status":"Encerrada","Legislatura":"LEGISLATURA (2021 - 2024)","Descri\u00e7\u00e3o":"ATA DA 5\u00aa SESS\u00c3O ORDIN\u00c1RIA DA 2\u00aa SESS\u00c3O LEGISLATIVA DA 16\u00aa LEGISLATURA DA C\u00c2MARA MUNICIPAL DE PACUJ\u00c1.","Pauta (Arquivo)":"-","Ata (Arquivo)":"-"},{"Tipo":"Ordin\u00e1ria","N\u00famero":4,"Exerc\u00edcio":2022,"Data":"17\/03\/2022","Status":"Encerrada","Legislatura":"LEGISLATURA (2021 - 2024)","Descri\u00e7\u00e3o":"ATA DA 4\u00aa SESS\u00c3O ORDIN\u00c1RIA DA 2\u00aa SESS\u00c3O LEGISLATIVA DA 16\u00aa LEGISLATURA DA C\u00c2MARA MUNICIPAL DE PACUJ\u00c1.","Pauta (Arquivo)":"-","Ata (Arquivo)":"-"},{"Tipo":"Extra-Ordin\u00e1ria","N\u00famero":2,"Exerc\u00edcio":2022,"Data":"08\/03\/2022","Status":"Encerrada","Legislatura":"LEGISLATURA (2021 - 2024)","Descri\u00e7\u00e3o":"ATA DA 2\u00aa SESS\u00c3O EXTRA- ORDIN\u00c1RIA DA 2\u00aa SESS\u00c3O LEGISLATIVA DA 16\u00aa LEGISLATURA DA C\u00c2MARA MUNICIPAL DE PACUJ\u00c1.","Pauta (Arquivo)":"-","Ata (Arquivo)":"-"},{"Tipo":"Ordin\u00e1ria","N\u00famero":3,"Exerc\u00edcio":2022,"Data":"03\/03\/2022","Status":"Encerrada","Legislatura":"LEGISLATURA (2021 - 2024)","Descri\u00e7\u00e3o":"ATA DA 3\u00aa SESS\u00c3O EXTRA- ORDIN\u00c1RIA DA 2\u00aa SESS\u00c3O LEGISLATIVA DA 16\u00aa LEGISLATURA DA C\u00c2MARA MUNICIPAL DE PACUJ\u00c1.","Pauta (Arquivo)":"-","Ata (Arquivo)":"-"},{"Tipo":"Ordin\u00e1ria","N\u00famero":2,"Exerc\u00edcio":2022,"Data":"17\/02\/2022","Status":"Encerrada","Legislatura":"LEGISLATURA (2021 - 2024)","Descri\u00e7\u00e3o":"ATA DA 2\u00aa SESS\u00c3O EXTRA- ORDIN\u00c1RIA DA 2\u00aa SESS\u00c3O LEGISLATIVA DA 16\u00aa LEGISLATURA DA C\u00c2MARA MUNICIPAL DE PACUJ\u00c1.","Pauta (Arquivo)":"-","Ata (Arquivo)":"-"},{"Tipo":"Ordin\u00e1ria","N\u00famero":1,"Exerc\u00edcio":2022,"Data":"03\/02\/2022","Status":"Encerrada","Legislatura":"LEGISLATURA (2021 - 2024)","Descri\u00e7\u00e3o":"ATA DA 1\u00aa SESS\u00c3O ORDIN\u00c1RIA DA 2\u00aa SESS\u00c3O LEGISLATIVA DA 16\u00aa LEGISLATURA","Pauta (Arquivo)":"-","Ata (Arquivo)":"https:\/\/storage.googleapis.com\/storage.itransparencia.com.br\/14\/sessions\/545\/ngTAsQATAR2qMenxIKWwDDC6jz5m0745ygZ5RoXw.pdf"},{"Tipo":"Extra-Ordin\u00e1ria","N\u00famero":1,"Exerc\u00edcio":2022,"Data":"25\/01\/2022","Status":"Encerrada","Legislatura":"LEGISLATURA (2021 - 2024)","Descri\u00e7\u00e3o":"ATA DA 1\u00aa SESS\u00c3O EXTRA- ORDIN\u00c1RIA DA 2\u00aa SESS\u00c3O LEGISLATIVA DA 16\u00aa LEGISLATURA DA C\u00c2MARA MUNICIPAL DE PACUJ\u00c1.","Pauta (Arquivo)":"-","Ata (Arquivo)":"https:\/\/storage.googleapis.com\/storage.itransparencia.com.br\/14\/sessions\/511\/xQhq6iUWtQa0rQKfVz5rVunOrd5VLbi35M8bVtb3.pdf"},{"Tipo":"Solene","N\u00famero":1,"Exerc\u00edcio":2021,"Data":"23\/12\/2022","Status":"Encerrada","Legislatura":"LEGISLATURA (2021 - 2024)","Descri\u00e7\u00e3o":"ATA DA 1\u00aa SESS\u00c3O SOLENE DA 1\u00aa SESS\u00c3O LEGISLATIVA DA 16\u00aa LEGISLATURA DA C\u00c2MARA MUNICIPAL DE PACUJ\u00c1.","Pauta (Arquivo)":"-","Ata (Arquivo)":"-"},{"Tipo":"Ordin\u00e1ria","N\u00famero":18,"Exerc\u00edcio":2021,"Data":"18\/11\/2021","Status":"Encerrada","Legislatura":"LEGISLATURA (2021 - 2024)","Descri\u00e7\u00e3o":"ATA DA 18\u00aa SESS\u00c3O ORDIN\u00c1RIA DA 1\u00aa SESS\u00c3O LEGISLATIVA DA 16\u00aa LEGISLATURA DA C\u00c2MARA MUNICIPAL DE PACUJ\u00c1.","Pauta (Arquivo)":"-","Ata (Arquivo)":"-"},{"Tipo":"Ordin\u00e1ria","N\u00famero":17,"Exerc\u00edcio":2021,"Data":"04\/11\/2021","Status":"Encerrada","Legislatura":"LEGISLATURA (2021 - 2024)","Descri\u00e7\u00e3o":"ATA DA 17\u00aa SESS\u00c3O ORDIN\u00c1RIA DA 1\u00aa SESS\u00c3O LEGISLATIVA DA 16\u00aa LEGISLATURA DA C\u00c2MARA MUNICIPAL DE PACUJ\u00c1.","Pauta (Arquivo)":"-","Ata (Arquivo)":"-"},{"Tipo":"Ordin\u00e1ria","N\u00famero":16,"Exerc\u00edcio":2021,"Data":"21\/10\/2021","Status":"Encerrada","Legislatura":"LEGISLATURA (2021 - 2024)","Descri\u00e7\u00e3o":"ATA DA 16\u00aa SESS\u00c3O ORDIN\u00c1RIA DA 1\u00aa SESS\u00c3O LEGISLATIVA DA 16\u00aa LEGISLATURA DA C\u00c2MARA MUNICIPAL DE PACUJ\u00c1.","Pauta (Arquivo)":"-","Ata (Arquivo)":"https:\/\/storage.googleapis.com\/storage.itransparencia.com.br\/14\/sessions\/500\/BXBcZGikrXdsu5mh3eovdJYw5ddxG1S0n87MSXDq.pdf"},{"Tipo":"Ordin\u00e1ria","N\u00famero":15,"Exerc\u00edcio":2021,"Data":"07\/10\/2021","Status":"Encerrada","Legislatura":"LEGISLATURA (2021 - 2024)","Descri\u00e7\u00e3o":"ATA DA 15\u00aa SESS\u00c3O ORDIN\u00c1RIA DA 1\u00aa SESS\u00c3O LEGISLATIVA DA 16\u00aa LEGISLATURA DA C\u00c2MARA MUNICIPAL DE PACUJ\u00c1.","Pauta (Arquivo)":"-","Ata (Arquivo)":"-"},{"Tipo":"Ordin\u00e1ria","N\u00famero":14,"Exerc\u00edcio":2021,"Data":"23\/09\/2021","Status":"Encerrada","Legislatura":"LEGISLATURA (2021 - 2024)","Descri\u00e7\u00e3o":"ATA DA 14\u00aa SESS\u00c3O ORDIN\u00c1RIA DA 1\u00aa SESS\u00c3O LEGISLATIVA DA 16\u00aa LEGISLATURA DA C\u00c2MARA MUNICIPAL DE PACUJ\u00c1","Pauta (Arquivo)":"-","Ata (Arquivo)":"-"},{"Tipo":"Ordin\u00e1ria","N\u00famero":13,"Exerc\u00edcio":2021,"Data":"09\/09\/2021","Status":"Encerrada","Legislatura":"LEGISLATURA (2021 - 2024)","Descri\u00e7\u00e3o":"ATA DA 13\u00aa SESS\u00c3O ORDIN\u00c1RIA DA 1\u00aa SESS\u00c3O LEGISLATIVA DA 16\u00aa LEGISLATURA DA C\u00c2MARA MUNICIPAL DE PACUJ\u00c1","Pauta (Arquivo)":"-","Ata (Arquivo)":"-"},{"Tipo":"Ordin\u00e1ria","N\u00famero":12,"Exerc\u00edcio":2021,"Data":"26\/08\/2021","Status":"Encerrada","Legislatura":"LEGISLATURA (2021 - 2024)","Descri\u00e7\u00e3o":"ATA DA 12\u00aa SESS\u00c3O ORDIN\u00c1RIA DA 1\u00aa SESS\u00c3O LEGISLATIVA DA 16\u00aa LEGISLATURA DA C\u00c2MARA MUNICIPAL DE PACUJ\u00c1","Pauta (Arquivo)":"-","Ata (Arquivo)":"-"},{"Tipo":"Ordin\u00e1ria","N\u00famero":11,"Exerc\u00edcio":2021,"Data":"12\/08\/2021","Status":"Encerrada","Legislatura":"LEGISLATURA (2021 - 2024)","Descri\u00e7\u00e3o":"ATA DA 11\u00aa SESS\u00c3O ORDIN\u00c1RIA DA 1\u00aa SESS\u00c3O LEGISLATIVA DA 16\u00aa LEGISLATURA DA C\u00c2MARA MUNICIPAL DE PACUJ\u00c1","Pauta (Arquivo)":"-","Ata (Arquivo)":"https:\/\/storage.googleapis.com\/storage.itransparencia.com.br\/14\/sessions\/473\/Laa1spuxAr9R9ENSOUuFlak3XqcMeAvQypnGfCIu.pdf"},{"Tipo":"Ordin\u00e1ria","N\u00famero":10,"Exerc\u00edcio":2021,"Data":"17\/06\/2021","Status":"Encerrada","Legislatura":"LEGISLATURA (2021 - 2024)","Descri\u00e7\u00e3o":"ATA DA 10\u00aa SESS\u00c3O ORDIN\u00c1RIA DA 1\u00aa SESS\u00c3O LEGISLATIVA DA 16\u00aa LEGISLATURA DA C\u00c2MARA MUNICIPAL DE PACUJ\u00c1","Pauta (Arquivo)":"-","Ata (Arquivo)":"-"},{"Tipo":"Extra-Ordin\u00e1ria","N\u00famero":2,"Exerc\u00edcio":2021,"Data":"12\/06\/2021","Status":"Encerrada","Legislatura":"LEGISLATURA (2021 - 2024)","Descri\u00e7\u00e3o":"ATA DA 2\u00aa SESS\u00c3O EXTRAORDIN\u00c1RIA DA 1\u00aa SESS\u00c3O LEGISLATIVA DA 16\u00aa LEGISLATURA DA C\u00c2MARA MUNICIPAL DE PACUJ\u00c1.","Pauta (Arquivo)":"-","Ata (Arquivo)":"https:\/\/storage.googleapis.com\/storage.itransparencia.com.br\/14\/sessions\/460\/6chLCBqNbYvAF1UTxSCsckd2WrZWQOs1G119EWEL.pdf"},{"Tipo":"Ordin\u00e1ria","N\u00famero":9,"Exerc\u00edcio":2021,"Data":"04\/06\/2021","Status":"Encerrada","Legislatura":"LEGISLATURA (2021 - 2024)","Descri\u00e7\u00e3o":"ATA DA 9\u00aa SESS\u00c3O ORDIN\u00c1RIA DA 1\u00aa SESS\u00c3O LEGISLATIVA DA 16\u00aa LEGISLATURA DA C\u00c2MARA MUNICIPAL DE PACUJ\u00c1","Pauta (Arquivo)":"-","Ata (Arquivo)":"https:\/\/storage.googleapis.com\/storage.itransparencia.com.br\/14\/sessions\/459\/pLg5QpDoJCjodmZ0xWFb1R8imzjJaOdBK5PxN8E9.pdf"},{"Tipo":"Ordin\u00e1ria","N\u00famero":8,"Exerc\u00edcio":2021,"Data":"20\/05\/2021","Status":"Encerrada","Legislatura":"LEGISLATURA (2021 - 2024)","Descri\u00e7\u00e3o":"ATA DA 8\u00aa SESS\u00c3O ORDIN\u00c1RIA DA 1\u00aa SESS\u00c3O LEGISLATIVA DA 16\u00aa LEGISLATURA DA C\u00c2MARA MUNICIPAL DE PACUJ\u00c1","Pauta (Arquivo)":"-","Ata (Arquivo)":"https:\/\/storage.googleapis.com\/storage.itransparencia.com.br\/14\/sessions\/457\/axmCUCFB2dAaxbCl691fWf9XKaZCXOBHPdCu8k5I.pdf"},{"Tipo":"Ordin\u00e1ria","N\u00famero":7,"Exerc\u00edcio":2021,"Data":"06\/05\/2021","Status":"Encerrada","Legislatura":"LEGISLATURA (2021 - 2024)","Descri\u00e7\u00e3o":"ATA DA 7\u00aa SESS\u00c3O ORDIN\u00c1RIA DA 1\u00aa SESS\u00c3O LEGISLATIVA DA 16\u00aa LEGISLATURA DA C\u00c2MARA MUNICIPAL DE PACUJ\u00c1","Pauta (Arquivo)":"-","Ata (Arquivo)":"https:\/\/storage.googleapis.com\/storage.itransparencia.com.br\/14\/sessions\/456\/f3w2PgHwVbTgMrc5oJ8cT0uDZ9iYOa58xVY01NWy.pdf"},{"Tipo":"Ordin\u00e1ria","N\u00famero":6,"Exerc\u00edcio":2021,"Data":"22\/04\/2021","Status":"Encerrada","Legislatura":"LEGISLATURA (2021 - 2024)","Descri\u00e7\u00e3o":"ATA DA 6\u00aa SESS\u00c3O ORDIN\u00c1RIA DA 1\u00aa SESS\u00c3O LEGISLATIVA DA 16\u00aa LEGISLATURA DA C\u00c2MARA MUNICIPAL DE PACUJ\u00c1","Pauta (Arquivo)":"-","Ata (Arquivo)":"https:\/\/storage.googleapis.com\/storage.itransparencia.com.br\/14\/sessions\/455\/43RFhNE3tZVQiOJ2wN61hxC8xIoNL4h7F91Bw6WO.pdf"},{"Tipo":"Ordin\u00e1ria","N\u00famero":5,"Exerc\u00edcio":2021,"Data":"08\/04\/2021","Status":"Encerrada","Legislatura":"LEGISLATURA (2021 - 2024)","Descri\u00e7\u00e3o":"ATA DA 5\u00aa SESS\u00c3O ORDIN\u00c1RIA DA 1\u00aa SESS\u00c3O LEGISLATIVA DA 16\u00aa LEGISLATURA DA C\u00c2MARA MUNICIPAL DE PACUJ\u00c1-CE.","Pauta (Arquivo)":"-","Ata (Arquivo)":"https:\/\/storage.googleapis.com\/storage.itransparencia.com.br\/14\/sessions\/454\/Hq173jE2k7pp6Wd80reGs83HqgaTOIosNsdRsbBr.pdf"},{"Tipo":"Ordin\u00e1ria","N\u00famero":4,"Exerc\u00edcio":2021,"Data":"25\/03\/2021","Status":"Encerrada","Legislatura":"LEGISLATURA (2021 - 2024)","Descri\u00e7\u00e3o":"ATA DA 4\u00aa SESS\u00c3O ORDIN\u00c1RIA DA 1\u00aa SESS\u00c3O LEGISLATIVA DA 16\u00aa LEGISLATURA DA C\u00c2MARA MUNICIPAL DE PACUJ\u00c1-CE.","Pauta (Arquivo)":"-","Ata (Arquivo)":"https:\/\/storage.googleapis.com\/storage.itransparencia.com.br\/14\/sessions\/430\/ajtFNvZ6ldLRQ9FUotC7OoJyEak9fubGfCpSyQMN.pdf"},{"Tipo":"Ordin\u00e1ria","N\u00famero":3,"Exerc\u00edcio":2021,"Data":"11\/03\/2021","Status":"Encerrada","Legislatura":"LEGISLATURA (2021 - 2024)","Descri\u00e7\u00e3o":"ATA DA 3\u00aa SESS\u00c3O ORDIN\u00c1RIA DA 1\u00aa SESS\u00c3O LEGISLATIVA DA 16\u00aa LEGISLATURA DA C\u00c2MARA MUNICIPAL DE PACUJ\u00c1-CE.","Pauta (Arquivo)":"-","Ata (Arquivo)":"https:\/\/storage.googleapis.com\/storage.itransparencia.com.br\/14\/sessions\/418\/EI56y7dCgpaJFq3Qp7XmiDUnj7J8RpNmsGAa1eiU.pdf"},{"Tipo":"Ordin\u00e1ria","N\u00famero":2,"Exerc\u00edcio":2021,"Data":"25\/02\/2021","Status":"Encerrada","Legislatura":"LEGISLATURA (2021 - 2024)","Descri\u00e7\u00e3o":"ATA DA 2\u00aa SESS\u00c3O ORDIN\u00c1RIA DA 1\u00aa SESS\u00c3O LEGISLATIVA DA 16\u00aa LEGISLATURA DA C\u00c2MARA MUNICIPAL DE PACUJ\u00c1-CE.","Pauta (Arquivo)":"-","Ata (Arquivo)":"https:\/\/storage.googleapis.com\/storage.itransparencia.com.br\/14\/sessions\/419\/VZByLsZCQSEPFSHhTaVaZZToNhYsw3kkA5oTfyKH.pdf"},{"Tipo":"Ordin\u00e1ria","N\u00famero":1,"Exerc\u00edcio":2021,"Data":"11\/02\/2021","Status":"Encerrada","Legislatura":"LEGISLATURA (2021 - 2024)","Descri\u00e7\u00e3o":"ATA DA 1\u00aa SESS\u00c3O ORDIN\u00c1RIA DA 1\u00aa SESS\u00c3O LEGISLATIVA DA 16\u00aa LEGISLATURA DA C\u00c2MARA MUNICIPAL DE PACUJ\u00c1-CE.","Pauta (Arquivo)":"-","Ata (Arquivo)":"https:\/\/storage.googleapis.com\/storage.itransparencia.com.br\/14\/sessions\/417\/rkIlJDH95DrmhDdCpBFcIUrAJJO0W5kg2oPi4mpH.pdf"},{"Tipo":"Extra-Ordin\u00e1ria","N\u00famero":1,"Exerc\u00edcio":2021,"Data":"28\/01\/2021","Status":"Encerrada","Legislatura":"LEGISLATURA (2021 - 2024)","Descri\u00e7\u00e3o":"ATA DA 1\u00aa SESS\u00c3O EXTRAORDIN\u00c1RIA DA 1\u00aa SESS\u00c3O LEGISLATIVA DA 16\u00aa LEGISLATURA DA C\u00c2MARA MUNICIPAL DE PACUJ\u00c1.","Pauta (Arquivo)":"-","Ata (Arquivo)":"-"},{"Tipo":"Ordin\u00e1ria","N\u00famero":16,"Exerc\u00edcio":2020,"Data":"19\/11\/2020","Status":"Encerrada","Legislatura":"Legislatura (2017 - 2020)","Descri\u00e7\u00e3o":"ATA DA 16\u00aa SESS\u00c3O ORDIN\u00c1RIA DA 4\u00aa SESS\u00c3O LEGISLATIVA DA 15\u00aa LEGISLATURA DA C\u00c2MARA MUNICIPAL DE PACUJ\u00c1-CE.","Pauta (Arquivo)":"-","Ata (Arquivo)":"https:\/\/storage.googleapis.com\/storage.itransparencia.com.br\/14\/sessions\/416\/PUX2eaJlnZTr3Ddoy1nIyuUIp20Uuf4KasxEnSGr.pdf"},{"Tipo":"Ordin\u00e1ria","N\u00famero":15,"Exerc\u00edcio":2020,"Data":"05\/11\/2020","Status":"Encerrada","Legislatura":"Legislatura (2017 - 2020)","Descri\u00e7\u00e3o":"ATA DA 15\u00aa SESS\u00c3O ORDIN\u00c1RIA DA 4\u00aa SESS\u00c3O LEGISLATIVA DA 15\u00aa LEGISLATURA DA C\u00c2MARA MUNICIPAL DE PACUJ\u00c1-CE.","Pauta (Arquivo)":"-","Ata (Arquivo)":"https:\/\/storage.googleapis.com\/storage.itransparencia.com.br\/14\/sessions\/408\/0ZYTmw3InyBRfHrjFJ9XuXEqcAyLJzuNlIAsw1WQ.pdf"},{"Tipo":"Ordin\u00e1ria","N\u00famero":14,"Exerc\u00edcio":2020,"Data":"22\/10\/2020","Status":"Encerrada","Legislatura":"Legislatura (2017 - 2020)","Descri\u00e7\u00e3o":"ATA DA 14\u00aa SESS\u00c3O ORDIN\u00c1RIA DA 4\u00aa SESS\u00c3O LEGISLATIVA DA 15\u00aa LEGISLATURA DA C\u00c2MARA MUNICIPAL DE PACUJ\u00c1-CE.","Pauta (Arquivo)":"-","Ata (Arquivo)":"https:\/\/storage.googleapis.com\/storage.itransparencia.com.br\/14\/sessions\/406\/lKkJxJf5wB1vBPhOUPvMjtT5qmNjbICQYZ6syHDo.pdf"},{"Tipo":"Ordin\u00e1ria","N\u00famero":13,"Exerc\u00edcio":2020,"Data":"08\/10\/2020","Status":"Encerrada","Legislatura":"Legislatura (2017 - 2020)","Descri\u00e7\u00e3o":"ATA DA 13\u00aa SESS\u00c3O ORDIN\u00c1RIA DA 4\u00aa SESS\u00c3O LEGISLATIVA DA 15\u00aa LEGISLATURA DA C\u00c2MARA MUNICIPAL DE PACUJ\u00c1-CE","Pauta (Arquivo)":"-","Ata (Arquivo)":"https:\/\/storage.googleapis.com\/storage.itransparencia.com.br\/14\/sessions\/404\/qBUI5c3V9lmSPsk9SabjZNwkaffjzQO5RxA26dQU.pdf"},{"Tipo":"Ordin\u00e1ria","N\u00famero":12,"Exerc\u00edcio":2020,"Data":"24\/09\/2020","Status":"Encerrada","Legislatura":"Legislatura (2017 - 2020)","Descri\u00e7\u00e3o":"ATA DA 12\u00aa SESS\u00c3O ORDIN\u00c1RIA DA 4\u00aa SESS\u00c3O LEGISLATIVA DA 15\u00aa LEGISLATURA DA C\u00c2MARA MUNICIPAL DE PACUJ\u00c1-CE","Pauta (Arquivo)":"-","Ata (Arquivo)":"https:\/\/storage.googleapis.com\/storage.itransparencia.com.br\/14\/sessions\/401\/70iNQ8tXChFJkBMBPM1Vogq4JrC9PLZo7rs3YD2x.pdf"},{"Tipo":"Ordin\u00e1ria","N\u00famero":11,"Exerc\u00edcio":2020,"Data":"10\/09\/2020","Status":"Encerrada","Legislatura":"Legislatura (2017 - 2020)","Descri\u00e7\u00e3o":"ATA DA 11\u00aa SESS\u00c3O ORDIN\u00c1RIA DA 4\u00aa SESS\u00c3O LEGISLATIVA DA 15\u00aa LEGISLATURA DA C\u00c2MARA MUNICIPAL DE PACUJ\u00c1-CE","Pauta (Arquivo)":"-","Ata (Arquivo)":"https:\/\/storage.googleapis.com\/storage.itransparencia.com.br\/14\/sessions\/396\/bufODLRLwdH4ne669X172gtaxkBimRJ9CbvnpxBf.pdf"},{"Tipo":"Ordin\u00e1ria","N\u00famero":10,"Exerc\u00edcio":2020,"Data":"27\/08\/2020","Status":"Encerrada","Legislatura":"Legislatura (2017 - 2020)","Descri\u00e7\u00e3o":"ATA DA 10\u00aa SESS\u00c3O ORDIN\u00c1RIA DA 4\u00aa SESS\u00c3O LEGISLATIVA DA 15\u00aa LEGISLATURA DA C\u00c2MARA MUNICIPAL DE PACUJ\u00c1-CE","Pauta (Arquivo)":"-","Ata (Arquivo)":"https:\/\/storage.googleapis.com\/storage.itransparencia.com.br\/14\/sessions\/395\/n12Mlq8FA8ENFHpa5gmHpj5IIYFVyuOKuFRdlYgq.pdf"},{"Tipo":"Extra-Ordin\u00e1ria","N\u00famero":3,"Exerc\u00edcio":2020,"Data":"17\/08\/2020","Status":"Encerrada","Legislatura":"Legislatura (2017 - 2020)","Descri\u00e7\u00e3o":"ATA DA 3\u00aa SESS\u00c3O EXTRAORDIN\u00c1RIA DA 4\u00aa SESS\u00c3O LEGISLATIVA DA 15\u00aa LEGISLATURA DA C\u00c2MARA MUNICIPAL DE PACUJ\u00c1.","Pauta (Arquivo)":"-","Ata (Arquivo)":"-"},{"Tipo":"Ordin\u00e1ria","N\u00famero":9,"Exerc\u00edcio":2020,"Data":"13\/08\/2020","Status":"Encerrada","Legislatura":"Legislatura (2017 - 2020)","Descri\u00e7\u00e3o":"ATA DA 9\u00aa SESS\u00c3O ORDIN\u00c1RIA DA 4\u00aa SESS\u00c3O LEGISLATIVA DA 15\u00aa LEGISLATURA DA C\u00c2MARA MUNICIPAL DE PACUJ\u00c1-CE","Pauta (Arquivo)":"-","Ata (Arquivo)":"https:\/\/storage.googleapis.com\/storage.itransparencia.com.br\/14\/sessions\/394\/9PfSVn2YeBPUBdiv80Ntbd8wsWyMZDRqOjDFr3A0.pdf"},{"Tipo":"Ordin\u00e1ria","N\u00famero":8,"Exerc\u00edcio":2020,"Data":"18\/06\/2020","Status":"Encerrada","Legislatura":"Legislatura (2017 - 2020)","Descri\u00e7\u00e3o":"ATA DA 8\u00aa SESS\u00c3O ORDIN\u00c1RIA DA 4\u00aa SESS\u00c3O LEGISLATIVA DA 15\u00aa LEGISLATURA DA C\u00c2MARA MUNICIPAL DE PACUJ\u00c1-CE","Pauta (Arquivo)":"-","Ata (Arquivo)":"https:\/\/storage.googleapis.com\/storage.itransparencia.com.br\/14\/sessions\/387\/X3D0qHu7CsapEE3KcAapfEXXXsGcVGGPT1W1IayN.pdf"},{"Tipo":"Ordin\u00e1ria","N\u00famero":7,"Exerc\u00edcio":2020,"Data":"04\/06\/2020","Status":"Encerrada","Legislatura":"Legislatura (2017 - 2020)","Descri\u00e7\u00e3o":"ATA DA 7\u00aa SESS\u00c3O ORDIN\u00c1RIA DA 4\u00aa SESS\u00c3O LEGISLATIVA DA 15\u00aa LEGISLATURA DA C\u00c2MARA MUNICIPAL DE PACUJ\u00c1-CE.","Pauta (Arquivo)":"-","Ata (Arquivo)":"https:\/\/storage.googleapis.com\/storage.itransparencia.com.br\/14\/sessions\/329\/R9qadp92caDhhPtmlESbv8rdreI18IPevZ5GfVEX.pdf"},{"Tipo":"Ordin\u00e1ria","N\u00famero":6,"Exerc\u00edcio":2020,"Data":"21\/05\/2020","Status":"Encerrada","Legislatura":"Legislatura (2017 - 2020)","Descri\u00e7\u00e3o":"ATA DA 6\u00aa SESS\u00c3O ORDIN\u00c1RIA DA 4\u00aa SESS\u00c3O LEGISLATIVA DA 15\u00aa LEGISLATURA DA C\u00c2MARA MUNICIPAL DE PACUJ\u00c1-CE.","Pauta (Arquivo)":"-","Ata (Arquivo)":"https:\/\/storage.googleapis.com\/storage.itransparencia.com.br\/14\/sessions\/328\/YHcIQIgZZdeiFQ2RJjHdmnatjpnGyEEpMamxDulx.pdf"},{"Tipo":"Ordin\u00e1ria","N\u00famero":5,"Exerc\u00edcio":2020,"Data":"07\/05\/2020","Status":"Encerrada","Legislatura":"Legislatura (2017 - 2020)","Descri\u00e7\u00e3o":"ATA DA 5\u00aa SESS\u00c3O ORDIN\u00c1RIA DA 4\u00aa SESS\u00c3O LEGISLATIVA DA 15\u00aa LEGISLATURA DA C\u00c2MARA MUNICIPAL DE PACUJ\u00c1-CE.","Pauta (Arquivo)":"-","Ata (Arquivo)":"https:\/\/storage.googleapis.com\/storage.itransparencia.com.br\/14\/sessions\/322\/WXWlACKK7rC3uuLoKVr2C6VEIn360oxI4FV9DZrg.pdf"},{"Tipo":"Ordin\u00e1ria","N\u00famero":4,"Exerc\u00edcio":2020,"Data":"23\/04\/2020","Status":"Encerrada","Legislatura":"Legislatura (2017 - 2020)","Descri\u00e7\u00e3o":"ATA DA 4\u00aa SESS\u00c3O ORDIN\u00c1RIA DA 4\u00aa SESS\u00c3O LEGISLATIVA DA 15\u00aa LEGISLATURA DA C\u00c2MARA MUNICIPAL DE PACUJ\u00c1-CE.","Pauta (Arquivo)":"-","Ata (Arquivo)":"https:\/\/storage.googleapis.com\/storage.itransparencia.com.br\/14\/sessions\/315\/cqMIHng3ZvRSlWUzAN7PbtIutloiDFh8DrcLMHPI.pdf"},{"Tipo":"Extra-Ordin\u00e1ria","N\u00famero":2,"Exerc\u00edcio":2020,"Data":"06\/04\/2020","Status":"Encerrada","Legislatura":"Legislatura (2017 - 2020)","Descri\u00e7\u00e3o":"ATA DA 2\u00aa SESS\u00c3O EXTRAORDIN\u00c1RIA DA 4\u00aa SESS\u00c3O LEGISLATIVA DA 15\u00aa LEGISLATURA DA C\u00c2MARA MUNICIPAL DE PACUJ\u00c1.","Pauta (Arquivo)":"-","Ata (Arquivo)":"https:\/\/storage.googleapis.com\/storage.itransparencia.com.br\/14\/sessions\/376\/381cvqoqE4PvoZdAh95LIYaFSDusu90h4DLLsdKB.pdf"},{"Tipo":"Extra-Ordin\u00e1ria","N\u00famero":1,"Exerc\u00edcio":2020,"Data":"28\/03\/2020","Status":"Encerrada","Legislatura":"Legislatura (2017 - 2020)","Descri\u00e7\u00e3o":"ATA DA 1\u00aa SESS\u00c3O EXTRAORDIN\u00c1RIA DA 4\u00aa SESS\u00c3O LEGISLATIVA DA 15\u00aa LEGISLATURA DA C\u00c2MARA MUNICIPAL DE PACUJ\u00c1.","Pauta (Arquivo)":"-","Ata (Arquivo)":"https:\/\/storage.googleapis.com\/storage.itransparencia.com.br\/14\/sessions\/326\/A557WJoFvckniou8VaR2wnH2OJiEbABmJq2j4Q0A.pdf"},{"Tipo":"Ordin\u00e1ria","N\u00famero":3,"Exerc\u00edcio":2020,"Data":"12\/03\/2020","Status":"Encerrada","Legislatura":"Legislatura (2017 - 2020)","Descri\u00e7\u00e3o":"ATA DA 3\u00aa SESS\u00c3O ORDIN\u00c1RIA DA 4\u00aa SESS\u00c3O LEGISLATIVA DA 15\u00aa LEGISLATURA DA C\u00c2MARA MUNICIPAL DE PACUJ\u00c1-CE.","Pauta (Arquivo)":"-","Ata (Arquivo)":"https:\/\/storage.googleapis.com\/storage.itransparencia.com.br\/14\/sessions\/314\/jYJvJCXZIcf4wha9UzPd7FXm3Xce2wtKmJbxVdki.pdf"},{"Tipo":"Ordin\u00e1ria","N\u00famero":2,"Exerc\u00edcio":2020,"Data":"27\/02\/2020","Status":"Encerrada","Legislatura":"Legislatura (2017 - 2020)","Descri\u00e7\u00e3o":"ATA DA 2\u00aa SESS\u00c3O ORDIN\u00c1RIA DA 4\u00aa SESS\u00c3O LEGISLATIVA DA 15\u00aa LEGISLATURA DA C\u00c2MARA MUNICIPAL DE PACUJ\u00c1 REALIZADA EM 27 DE FEVEREIRO DE 2020","Pauta (Arquivo)":"-","Ata (Arquivo)":"https:\/\/storage.googleapis.com\/storage.itransparencia.com.br\/14\/sessions\/272\/IJ8hH26kQZ4NjNgeEcHeaBPxFMYbHauNb7PIvQWL.pdf"},{"Tipo":"Ordin\u00e1ria","N\u00famero":1,"Exerc\u00edcio":2020,"Data":"13\/02\/2020","Status":"Encerrada","Legislatura":"Legislatura (2017 - 2020)","Descri\u00e7\u00e3o":"ATA DA 1\u00aa SESS\u00c3O ORDIN\u00c1RIA\r\nDA 4\u00aa SESS\u00c3O LEGISLATIVA\r\nDA 15\u00aa LEGISLATURA DA C\u00c2MARA MUNICIPAL DE PACUJ\u00c1\r\nREALIZADA EM 13 DE FEVEREIRO DE 2020","Pauta (Arquivo)":"-","Ata (Arquivo)":"-"},{"Tipo":"Ordin\u00e1ria","N\u00famero":20,"Exerc\u00edcio":2019,"Data":"28\/11\/2019","Status":"Encerrada","Legislatura":"Legislatura (2017 - 2020)","Descri\u00e7\u00e3o":"ATA DA 20\u00aa SESS\u00c3O ORDIN\u00c1RIA\r\nDA 3\u00aa SESS\u00c3O LEGISLATIVA\r\nDA 15\u00aa LEGISLATURA DA C\u00c2MARA MUNICIPAL DE PACUJ\u00c1\r\nREALIZADA EM 28 DE NOVEMBRO DE 2019","Pauta (Arquivo)":"-","Ata (Arquivo)":"https:\/\/storage.googleapis.com\/storage.itransparencia.com.br\/14\/sessions\/311\/LIArgxPFyols1DjlhoqApmYsDioNJ64k6PafYW1g.pdf"},{"Tipo":"Ordin\u00e1ria","N\u00famero":19,"Exerc\u00edcio":2019,"Data":"14\/11\/2019","Status":"Encerrada","Legislatura":"Legislatura (2017 - 2020)","Descri\u00e7\u00e3o":"ATA DA 19\u00aa SESS\u00c3O ORDIN\u00c1RIA\r\nDA 3\u00aa SESS\u00c3O LEGISLATIVA\r\nDA 15\u00aa LEGISLATURA DA C\u00c2MARA MUNICIPAL DE PACUJ\u00c1\r\nREALIZADA EM 14 DE NOVEMBRO DE 2019","Pauta (Arquivo)":"-","Ata (Arquivo)":"https:\/\/storage.googleapis.com\/storage.itransparencia.com.br\/14\/sessions\/310\/kuSoW9RJ3A8HMRaZnnZcGcDuB7SPFpnRoFqfBa6Q.pdf"},{"Tipo":"Ordin\u00e1ria","N\u00famero":18,"Exerc\u00edcio":2019,"Data":"31\/10\/2019","Status":"Encerrada","Legislatura":"Legislatura (2017 - 2020)","Descri\u00e7\u00e3o":"ATA DA 18\u00aa SESS\u00c3O ORDIN\u00c1RIA\r\nDA 3\u00aa SESS\u00c3O LEGISLATIVA\r\nDA 15\u00aa LEGISLATURA DA C\u00c2MARA MUNICIPAL DE PACUJ\u00c1\r\nREALIZADA EM 31 DE OUTUBRO DE 2019","Pauta (Arquivo)":"-","Ata (Arquivo)":"https:\/\/storage.googleapis.com\/storage.itransparencia.com.br\/14\/sessions\/309\/XmRRHMkmTHaVjL2qUgLb7r4aepQqjOOVMzlXbpbx.pdf"},{"Tipo":"Ordin\u00e1ria","N\u00famero":19,"Exerc\u00edcio":2019,"Data":"17\/10\/2019","Status":"Encerrada","Legislatura":"Legislatura (2017 - 2020)","Descri\u00e7\u00e3o":"ATA DA 17\u00aa SESS\u00c3O ORDIN\u00c1RIA\r\nDA 3\u00aa SESS\u00c3O LEGISLATIVA\r\nDA 15\u00aa LEGISLATURA DA C\u00c2MARA MUNICIPAL DE PACUJ\u00c1\r\nREALIZADA EM 17 DE OUTUBRO DE 2019","Pauta (Arquivo)":"-","Ata (Arquivo)":"https:\/\/storage.googleapis.com\/storage.itransparencia.com.br\/14\/sessions\/308\/kXUY19GUXHDp1d3wc5ATKX3hm1Tkllo3DxiKuUwZ.pdf"},{"Tipo":"Ordin\u00e1ria","N\u00famero":16,"Exerc\u00edcio":2019,"Data":"03\/10\/2019","Status":"Encerrada","Legislatura":"Legislatura (2017 - 2020)","Descri\u00e7\u00e3o":"ATA DA 16\u00aa SESS\u00c3O ORDIN\u00c1RIA\r\nDA 3\u00aa SESS\u00c3O LEGISLATIVA\r\nDA 15\u00aa LEGISLATURA DA C\u00c2MARA MUNICIPAL DE PACUJ\u00c1\r\nREALIZADA EM 03 DE OUTUBRO DE 2019.","Pauta (Arquivo)":"-","Ata (Arquivo)":"https:\/\/storage.googleapis.com\/storage.itransparencia.com.br\/14\/sessions\/307\/XWwYcXYPeMIZKjZx2qdiaYTxHMDUqS53kMjrV9DZ.pdf"},{"Tipo":"Ordin\u00e1ria","N\u00famero":15,"Exerc\u00edcio":2019,"Data":"19\/09\/2019","Status":"Encerrada","Legislatura":"Legislatura (2017 - 2020)","Descri\u00e7\u00e3o":"ATA DA 15\u00aa SESS\u00c3O ORDIN\u00c1RIA\r\nDA 3\u00aa SESS\u00c3O LEGISLATIVA\r\nDA 15\u00aa LEGISLATURA DA C\u00c2MARA MUNICIPAL DE PACUJ\u00c1\r\nREALIZADA EM 19 DE SETEMBRO DE 2019","Pauta (Arquivo)":"-","Ata (Arquivo)":"https:\/\/storage.googleapis.com\/storage.itransparencia.com.br\/14\/sessions\/306\/hm816oegzboSebfJ8nvhbcjX1fQNMkIr7xjsEwD1.pdf"},{"Tipo":"Extra-Ordin\u00e1ria","N\u00famero":1,"Exerc\u00edcio":2019,"Data":"17\/09\/2019","Status":"Encerrada","Legislatura":"Legislatura (2017 - 2020)","Descri\u00e7\u00e3o":"ATA DA 1\u00aa SESS\u00c3O EXTRAORDIN\u00c1RIA DA 3\u00aa SESS\u00c3O LEGISLATIVA DA 15\u00aa LEGISLATURA DA C\u00c2MARA MUNICIPAL DE PACUJ\u00c1.","Pauta (Arquivo)":"-","Ata (Arquivo)":"https:\/\/storage.googleapis.com\/storage.itransparencia.com.br\/14\/sessions\/325\/7S5cgnsJjX0ba9T3MpN9sHMUuHgkaJOqp5VGySr1.pdf"},{"Tipo":"Ordin\u00e1ria","N\u00famero":14,"Exerc\u00edcio":2019,"Data":"05\/09\/2019","Status":"Encerrada","Legislatura":"Legislatura (2017 - 2020)","Descri\u00e7\u00e3o":"ATA DA 14\u00aa SESS\u00c3O ORDIN\u00c1RIA\r\nDA 3\u00aa SESS\u00c3O LEGISLATIVA\r\nDA 15\u00aa LEGISLATURA DA C\u00c2MARA MUNICIPAL DE PACUJ\u00c1\r\nREALIZADA EM 05 DE SETEMBRO DE 2019","Pauta (Arquivo)":"-","Ata (Arquivo)":"https:\/\/storage.googleapis.com\/storage.itransparencia.com.br\/14\/sessions\/305\/xmcuMkPRrSTVhblaTfokXnVhYunaerWofaNT9jzq.pdf"},{"Tipo":"Ordin\u00e1ria","N\u00famero":13,"Exerc\u00edcio":2019,"Data":"22\/08\/2019","Status":"Encerrada","Legislatura":"Legislatura (2017 - 2020)","Descri\u00e7\u00e3o":"ATA DA 13\u00aa SESS\u00c3O ORDIN\u00c1RIA\r\nDA 3\u00aa SESS\u00c3O LEGISLATIVA\r\nDA 15\u00aa LEGISLATURA DA C\u00c2MARA MUNICIPAL DE PACUJ\u00c1\r\nREALIZADA EM 22 DE AGOSTO DE 2019","Pauta (Arquivo)":"-","Ata (Arquivo)":"https:\/\/storage.googleapis.com\/storage.itransparencia.com.br\/14\/sessions\/304\/PzRDNBmWDYP2BOhESfoYfDN8tMxjKbjBr2DAVgcp.pdf"},{"Tipo":"Ordin\u00e1ria","N\u00famero":12,"Exerc\u00edcio":2019,"Data":"08\/08\/2019","Status":"Encerrada","Legislatura":"Legislatura (2017 - 2020)","Descri\u00e7\u00e3o":"ATA DA 12\u00aa SESS\u00c3O ORDIN\u00c1RIA\r\nDA 3\u00aa SESS\u00c3O LEGISLATIVA\r\nDA 15\u00aa LEGISLATURA DA C\u00c2MARA MUNICIPAL DE PACUJ\u00c1\r\nREALIZADA EM 08 DE AGOSTO DE 2019","Pauta (Arquivo)":"-","Ata (Arquivo)":"https:\/\/storage.googleapis.com\/storage.itransparencia.com.br\/14\/sessions\/303\/KCbMQw0dJbMFcsXxGxjTFc7Rr5EqFC81cf5fnUiR.pdf"},{"Tipo":"Ordin\u00e1ria","N\u00famero":11,"Exerc\u00edcio":2019,"Data":"27\/06\/2019","Status":"Encerrada","Legislatura":"Legislatura (2017 - 2020)","Descri\u00e7\u00e3o":"ATA DA 11\u00aa SESS\u00c3O ORDIN\u00c1RIA\r\nDA 3\u00aa SESS\u00c3O LEGISLATIVA\r\nDA 15\u00aa LEGISLATURA DA C\u00c2MARA MUNICIPAL DE PACUJ\u00c1\r\nREALIZADA EM 27 DE JUNHO DE 2019","Pauta (Arquivo)":"-","Ata (Arquivo)":"https:\/\/storage.googleapis.com\/storage.itransparencia.com.br\/14\/sessions\/302\/KxZgS50M7LF6Cj55ah981fXfflzfNGt8KNwZDF2S.pdf"},{"Tipo":"Ordin\u00e1ria","N\u00famero":1,"Exerc\u00edcio":2019,"Data":"15\/06\/2019","Status":"Encerrada","Legislatura":"Legislatura (2017 - 2020)","Descri\u00e7\u00e3o":"ATA DA 1\u00aa SESS\u00c3O ORDIN\u00c1RIA DA 1\u00aa LEGISLATURA DO PARLAMENTO ESTUDANTIL REALIZADA EM 15 DE JUNHO DE 2019.","Pauta (Arquivo)":"-","Ata (Arquivo)":"https:\/\/storage.googleapis.com\/storage.itransparencia.com.br\/14\/sessions\/350\/pix5hkVM5PdMZ8s1IgWXNKoOUjlfVzxiitb8QU0j.pdf"},{"Tipo":"Ordin\u00e1ria","N\u00famero":10,"Exerc\u00edcio":2019,"Data":"13\/06\/2019","Status":"Encerrada","Legislatura":"Legislatura (2017 - 2020)","Descri\u00e7\u00e3o":"ATA DA 10\u00aa SESS\u00c3O ORDIN\u00c1RIA\r\nDA 3\u00aa SESS\u00c3O LEGISLATIVA\r\nDA 15\u00aa LEGISLATURA DA C\u00c2MARA MUNICIPAL DE PACUJ\u00c1\r\nREALIZADA EM 13 DE JUNHO DE 2019","Pauta (Arquivo)":"-","Ata (Arquivo)":"https:\/\/storage.googleapis.com\/storage.itransparencia.com.br\/14\/sessions\/301\/RpTN8gch1hKCNnCvpOtixnFZNpfIEPOtJ0bqImyF.pdf"},{"Tipo":"Ordin\u00e1ria","N\u00famero":9,"Exerc\u00edcio":2019,"Data":"30\/05\/2019","Status":"Encerrada","Legislatura":"Legislatura (2017 - 2020)","Descri\u00e7\u00e3o":"ATA DA 9\u00aa SESS\u00c3O ORDIN\u00c1RIA\r\nDA 3\u00aa SESS\u00c3O LEGISLATIVA\r\nDA 15\u00aa LEGISLATURA DA C\u00c2MARA MUNICIPAL DE PACUJ\u00c1\r\nREALIZADA EM 30 DE MAIO DE 2019","Pauta (Arquivo)":"-","Ata (Arquivo)":"https:\/\/storage.googleapis.com\/storage.itransparencia.com.br\/14\/sessions\/300\/fm67CACKscxlfxm9aUalmWOWeYyfVyTBF8hSx6Ob.pdf"},{"Tipo":"Solene","N\u00famero":2,"Exerc\u00edcio":2019,"Data":"24\/05\/2019","Status":"Encerrada","Legislatura":"Legislatura (2017 - 2020)","Descri\u00e7\u00e3o":"ATA DA 2\u00aa SESS\u00c3O SOLENE DA 3\u00aa SESS\u00c3O LEGISLATIVA DA 15\u00aa LEGISLATURA DA C\u00c2MARA MUNICIPAL DE PACUJ\u00c1","Pauta (Arquivo)":"-","Ata (Arquivo)":"https:\/\/storage.googleapis.com\/storage.itransparencia.com.br\/14\/sessions\/323\/82VQmja8kOe7GRJvn38JRqTKWxuGljX0WyfWmsCh.pdf"},{"Tipo":"Ordin\u00e1ria","N\u00famero":8,"Exerc\u00edcio":2019,"Data":"16\/05\/2019","Status":"Encerrada","Legislatura":"Legislatura (2017 - 2020)","Descri\u00e7\u00e3o":"ATA DA 8\u00aa SESS\u00c3O ORDIN\u00c1RIA\r\nDA 3\u00aa SESS\u00c3O LEGISLATIVA\r\nDA 15\u00aa LEGISLATURA DA C\u00c2MARA MUNICIPAL DE PACUJ\u00c1\r\nREALIZADA EM 16 DE MAIO DE 2019","Pauta (Arquivo)":"-","Ata (Arquivo)":"https:\/\/storage.googleapis.com\/storage.itransparencia.com.br\/14\/sessions\/299\/V4YDn3A0eBn7yiwuA7jnxFL2ZEJFow5trQRfaYLK.pdf"},{"Tipo":"Ordin\u00e1ria","N\u00famero":7,"Exerc\u00edcio":2019,"Data":"02\/05\/2019","Status":"Encerrada","Legislatura":"Legislatura (2017 - 2020)","Descri\u00e7\u00e3o":"ATA DA 7\u00aa SESS\u00c3O ORDIN\u00c1RIA\r\nDA 3\u00aa SESS\u00c3O LEGISLATIVA\r\nDA 15\u00aa LEGISLATURA DA C\u00c2MARA MUNICIPAL DE PACUJ\u00c1\r\nREALIZADA EM 02 DE MAIO DE 2019","Pauta (Arquivo)":"-","Ata (Arquivo)":"https:\/\/storage.googleapis.com\/storage.itransparencia.com.br\/14\/sessions\/298\/72UuNg529kXJbPN5rrmstGgLmOi3Z4GHLknTAltr.pdf"},{"Tipo":"Ordin\u00e1ria","N\u00famero":6,"Exerc\u00edcio":2019,"Data":"18\/04\/2019","Status":"Encerrada","Legislatura":"Legislatura (2017 - 2020)","Descri\u00e7\u00e3o":"ATA DA 6\u00aa SESS\u00c3O ORDIN\u00c1RIA\r\nDA 3\u00aa SESS\u00c3O LEGISLATIVA\r\nDA 15\u00aa LEGISLATURA DA C\u00c2MARA MUNICIPAL DE PACUJ\u00c1\r\nREALIZADA EM 18 DE ABRIL DE 2019","Pauta (Arquivo)":"-","Ata (Arquivo)":"https:\/\/storage.googleapis.com\/storage.itransparencia.com.br\/14\/sessions\/297\/OVMTqxrzoR1kxK45hU37lpw7YLowkrNYbe39lkmW.pdf"},{"Tipo":"Ordin\u00e1ria","N\u00famero":5,"Exerc\u00edcio":2019,"Data":"04\/04\/2019","Status":"Encerrada","Legislatura":"Legislatura (2017 - 2020)","Descri\u00e7\u00e3o":"ATA DA 5\u00aa SESS\u00c3O ORDIN\u00c1RIA\r\nDA 3\u00aa SESS\u00c3O LEGISLATIVA\r\nDA 15\u00aa LEGISLATURA DA C\u00c2MARA MUNICIPAL DE PACUJ\u00c1\r\nREALIZADA EM 04 DE ABRIL DE 2019","Pauta (Arquivo)":"-","Ata (Arquivo)":"https:\/\/storage.googleapis.com\/storage.itransparencia.com.br\/14\/sessions\/296\/SaEoFqpyXQn2h5FZA8RbgobwkvHwy14Pwb8HReXR.pdf"},{"Tipo":"Ordin\u00e1ria","N\u00famero":4,"Exerc\u00edcio":2019,"Data":"21\/03\/2019","Status":"Encerrada","Legislatura":"Legislatura (2017 - 2020)","Descri\u00e7\u00e3o":"ATA DA 4\u00aa SESS\u00c3O ORDIN\u00c1RIA\r\nDA 3\u00aa SESS\u00c3O LEGISLATIVA\r\nDA 15\u00aa LEGISLATURA DA C\u00c2MARA MUNICIPAL DE PACUJ\u00c1\r\nREALIZADA EM 21 DE MAR\u00c7O DE 2019","Pauta (Arquivo)":"-","Ata (Arquivo)":"https:\/\/storage.googleapis.com\/storage.itransparencia.com.br\/14\/sessions\/295\/XASYp3UDwsRNI4mobjdypZ7kWQFdhqCCMxPnmkdc.pdf"},{"Tipo":"Ordin\u00e1ria","N\u00famero":3,"Exerc\u00edcio":2019,"Data":"07\/03\/2019","Status":"Encerrada","Legislatura":"Legislatura (2017 - 2020)","Descri\u00e7\u00e3o":"ATA DA 3\u00aa SESS\u00c3O ORDIN\u00c1RIA DA 3\u00aa SESS\u00c3O LEGISLATIVA DA 15\u00aa LEGISLATURA DA C\u00c2MARA MUNICIPAL DE PACUJ\u00c1 REALIZADA EM 07 DE MAR\u00c7O DE 2019","Pauta (Arquivo)":"-","Ata (Arquivo)":"https:\/\/storage.googleapis.com\/storage.itransparencia.com.br\/14\/sessions\/294\/ogOUEM9c72bseom5bSx8u8zoUbdcBYiUqW4kFDut.pdf"},{"Tipo":"Ordin\u00e1ria","N\u00famero":2,"Exerc\u00edcio":2019,"Data":"21\/02\/2019","Status":"Encerrada","Legislatura":"Legislatura (2017 - 2020)","Descri\u00e7\u00e3o":"ATA DA 2\u00aa SESS\u00c3O ORDIN\u00c1RIA DA 3\u00aa SESS\u00c3O LEGISLATIVA DA 15\u00aa LEGISLATURA DA C\u00c2MARA MUNICIPAL DE PACUJ\u00c1 REALIZADA EM 21 DE FEVEREIRO DE 2019","Pauta (Arquivo)":"-","Ata (Arquivo)":"https:\/\/storage.googleapis.com\/storage.itransparencia.com.br\/14\/sessions\/293\/uvpDJzmcyGhW0ucDZxBFmOu9t9MEKZg3S5p8myGx.pdf"},{"Tipo":"Ordin\u00e1ria","N\u00famero":1,"Exerc\u00edcio":2019,"Data":"07\/02\/2019","Status":"Encerrada","Legislatura":"Legislatura (2017 - 2020)","Descri\u00e7\u00e3o":"ATA DA 1\u00aa SESS\u00c3O ORDIN\u00c1RIA DA 3\u00aa SESS\u00c3O LEGISLATIVA DA 15\u00aa LEGISLATURA DA C\u00c2MARA MUNICIPAL DE PACUJ\u00c1     \r\n REALIZADA EM 07 DE FEVEREIRO DE 2019","Pauta (Arquivo)":"-","Ata (Arquivo)":"https:\/\/storage.googleapis.com\/storage.itransparencia.com.br\/14\/sessions\/292\/bM1s5e1sfiVWazwslS2eIR2vUqscFJJRxEM84YuM.pdf"},{"Tipo":"Solene","N\u00famero":1,"Exerc\u00edcio":2019,"Data":"01\/01\/2019","Status":"Encerrada","Legislatura":"Legislatura (2017 - 2020)","Descri\u00e7\u00e3o":"ATA DA 1\u00aa SESS\u00c3O SOLENE DA 3\u00aa SESS\u00c3O LEGISLATIVA DA 15\u00aa LEGISLATURA REALIZADA EM 01 DE JANEIRO DE 2019.","Pauta (Arquivo)":"-","Ata (Arquivo)":"https:\/\/storage.googleapis.com\/storage.itransparencia.com.br\/14\/sessions\/291\/EWSIYH9h3dXNTH4P8o2MdQ2tOYR2fZSqhKB4KMwL.pdf"},{"Tipo":"Extra-Ordin\u00e1ria","N\u00famero":6,"Exerc\u00edcio":2018,"Data":"21\/12\/2018","Status":"Encerrada","Legislatura":"Legislatura (2017 - 2020)","Descri\u00e7\u00e3o":"ATA DA 6\u00aa SESS\u00c3O EXTRAORDIN\u00c1RIA DA 2\u00aa SESS\u00c3O LEGISLATIVA DA 15\u00aa LEGISLATURA DA C\u00c2MARA MUNICIPAL DE PACUJ\u00c1.","Pauta (Arquivo)":"-","Ata (Arquivo)":"https:\/\/storage.googleapis.com\/storage.itransparencia.com.br\/14\/sessions\/375\/z67zHJ0X2Ld576AlT8hEa1XhEypqDAHejwdcApoz.pdf"},{"Tipo":"Extra-Ordin\u00e1ria","N\u00famero":5,"Exerc\u00edcio":2018,"Data":"12\/12\/2018","Status":"Encerrada","Legislatura":"Legislatura (2017 - 2020)","Descri\u00e7\u00e3o":"ATA DA 5\u00aa SESS\u00c3O EXTRAORDIN\u00c1RIA DA 2\u00aa SESS\u00c3O LEGISLATIVA DA 15\u00aa LEGISLATURA DA C\u00c2MARA MUNICIPAL DE PACUJ\u00c1.","Pauta (Arquivo)":"-","Ata (Arquivo)":"https:\/\/storage.googleapis.com\/storage.itransparencia.com.br\/14\/sessions\/374\/DOwyfryBbGJwHlUNQyoGFZlap07blapMi07KJ8Tm.pdf"},{"Tipo":"Extra-Ordin\u00e1ria","N\u00famero":4,"Exerc\u00edcio":2018,"Data":"01\/12\/2018","Status":"Encerrada","Legislatura":"Legislatura (2017 - 2020)","Descri\u00e7\u00e3o":"ATA DA 4\u00aa SESS\u00c3O EXTRAORDIN\u00c1RIA DA 2\u00aa SESS\u00c3O LEGISLATIVA DA 15\u00aa LEGISLATURA DA C\u00c2MARA MUNICIPAL DE PACUJ\u00c1.","Pauta (Arquivo)":"-","Ata (Arquivo)":"https:\/\/storage.googleapis.com\/storage.itransparencia.com.br\/14\/sessions\/373\/cLBrcAbEB0ygj1IvxCQ7xNMQiigHlydAfvH1v76P.pdf"},{"Tipo":"Ordin\u00e1ria","N\u00famero":37,"Exerc\u00edcio":2018,"Data":"17\/11\/2018","Status":"Encerrada","Legislatura":"Legislatura (2017 - 2020)","Descri\u00e7\u00e3o":"ATA DA 37\u00aa SESS\u00c3O ORDIN\u00c1RIA DA 2\u00aa SESS\u00c3O LEGISLATIVA DA 15\u00aa LEGISLATURA DA C\u00c2MARA MUNICIPAL DE PACUJ\u00c1-CE.","Pauta (Arquivo)":"-","Ata (Arquivo)":"https:\/\/storage.googleapis.com\/storage.itransparencia.com.br\/14\/sessions\/369\/cwCEMvk3LAH8eOl9tQytkg7xhTT3i0iNYtKfE3B7.pdf"},{"Tipo":"Ordin\u00e1ria","N\u00famero":36,"Exerc\u00edcio":2018,"Data":"03\/11\/2018","Status":"Encerrada","Legislatura":"Legislatura (2017 - 2020)","Descri\u00e7\u00e3o":"ATA DA 36\u00aa SESS\u00c3O ORDIN\u00c1RIA DA 2\u00aa SESS\u00c3O LEGISLATIVA DA 15\u00aa LEGISLATURA DA C\u00c2MARA MUNICIPAL DE PACUJ\u00c1-CE.","Pauta (Arquivo)":"-","Ata (Arquivo)":"https:\/\/storage.googleapis.com\/storage.itransparencia.com.br\/14\/sessions\/368\/n0EHEbgW82LWrou0ka5hCo8S0n605ZGBgipKHVMN.pdf"},{"Tipo":"Extra-Ordin\u00e1ria","N\u00famero":3,"Exerc\u00edcio":2018,"Data":"29\/10\/2018","Status":"Encerrada","Legislatura":"Legislatura (2017 - 2020)","Descri\u00e7\u00e3o":"ATA DA 3\u00aa SESS\u00c3O EXTRAORDIN\u00c1RIA DA 2\u00aa SESS\u00c3O LEGISLATIVA DA 15\u00aa LEGISLATURA DA C\u00c2MARA MUNICIPAL DE PACUJ\u00c1.","Pauta (Arquivo)":"-","Ata (Arquivo)":"https:\/\/storage.googleapis.com\/storage.itransparencia.com.br\/14\/sessions\/372\/MjLqnKi318Ni5cL0jIBZbmuvKjvJkDD7p9D3BQ2v.pdf"},{"Tipo":"Extra-Ordin\u00e1ria","N\u00famero":2,"Exerc\u00edcio":2018,"Data":"27\/10\/2018","Status":"Encerrada","Legislatura":"Legislatura (2017 - 2020)","Descri\u00e7\u00e3o":"ATA DA 2\u00aa SESS\u00c3O EXTRAORDIN\u00c1RIA DA 2\u00aa SESS\u00c3O LEGISLATIVA DA 15\u00aa LEGISLATURA DA C\u00c2MARA MUNICIPAL DE PACUJ\u00c1.","Pauta (Arquivo)":"-","Ata (Arquivo)":"https:\/\/storage.googleapis.com\/storage.itransparencia.com.br\/14\/sessions\/371\/mjWCwWQZ6OcGYyDFKCoyB2Fj0dNdTsKmski0RHs6.pdf"},{"Tipo":"Ordin\u00e1ria","N\u00famero":35,"Exerc\u00edcio":2018,"Data":"20\/10\/2018","Status":"Encerrada","Legislatura":"Legislatura (2017 - 2020)","Descri\u00e7\u00e3o":"ATA DA 35\u00aa SESS\u00c3O ORDIN\u00c1RIA DA 2\u00aa SESS\u00c3O LEGISLATIVA DA 15\u00aa LEGISLATURA DA C\u00c2MARA MUNICIPAL DE PACUJ\u00c1-CE.","Pauta (Arquivo)":"-","Ata (Arquivo)":"https:\/\/storage.googleapis.com\/storage.itransparencia.com.br\/14\/sessions\/367\/1Xge81MojAuexCI8lpJ7E1eKSUzKvapqdcFe2nhc.pdf"},{"Tipo":"Ordin\u00e1ria","N\u00famero":34,"Exerc\u00edcio":2018,"Data":"06\/10\/2018","Status":"Encerrada","Legislatura":"Legislatura (2017 - 2020)","Descri\u00e7\u00e3o":"ATA DA 34\u00aa SESS\u00c3O ORDIN\u00c1RIA DA 2\u00aa SESS\u00c3O LEGISLATIVA DA 15\u00aa LEGISLATURA DA C\u00c2MARA MUNICIPAL DE PACUJ\u00c1-CE.","Pauta (Arquivo)":"-","Ata (Arquivo)":"https:\/\/storage.googleapis.com\/storage.itransparencia.com.br\/14\/sessions\/366\/h4k2MGGhfLzfbYfIaRIcRVLL7sLZTKB0dpSWzsMn.pdf"},{"Tipo":"Ordin\u00e1ria","N\u00famero":33,"Exerc\u00edcio":2018,"Data":"25\/09\/2018","Status":"Encerrada","Legislatura":"Legislatura (2017 - 2020)","Descri\u00e7\u00e3o":"ATA DA 33\u00aa SESS\u00c3O ORDIN\u00c1RIA DA 2\u00aa SESS\u00c3O LEGISLATIVA DA 15\u00aa LEGISLATURA DA C\u00c2MARA MUNICIPAL DE PACUJ\u00c1-CE.","Pauta (Arquivo)":"-","Ata (Arquivo)":"https:\/\/storage.googleapis.com\/storage.itransparencia.com.br\/14\/sessions\/365\/Ynl8yrYWY4jjSN8Q6jzqERg8JAgVR7zr3TFE0fym.pdf"},{"Tipo":"Ordin\u00e1ria","N\u00famero":32,"Exerc\u00edcio":2018,"Data":"08\/09\/2018","Status":"Encerrada","Legislatura":"Legislatura (2017 - 2020)","Descri\u00e7\u00e3o":"ATA DA 32\u00aa SESS\u00c3O ORDIN\u00c1RIA DA 2\u00aa SESS\u00c3O LEGISLATIVA DA 15\u00aa LEGISLATURA DA C\u00c2MARA MUNICIPAL DE PACUJ\u00c1-CE.","Pauta (Arquivo)":"-","Ata (Arquivo)":"https:\/\/storage.googleapis.com\/storage.itransparencia.com.br\/14\/sessions\/364\/WzdtjNa1idUwRafORMKRXimvNx4FAXBg0pjBAzlq.pdf"},{"Tipo":"Ordin\u00e1ria","N\u00famero":31,"Exerc\u00edcio":2018,"Data":"25\/08\/2018","Status":"Encerrada","Legislatura":"Legislatura (2017 - 2020)","Descri\u00e7\u00e3o":"ATA DA 31\u00aa SESS\u00c3O ORDIN\u00c1RIA DA 2\u00aa SESS\u00c3O LEGISLATIVA DA 15\u00aa LEGISLATURA DA C\u00c2MARA MUNICIPAL DE PACUJ\u00c1-CE.","Pauta (Arquivo)":"-","Ata (Arquivo)":"https:\/\/storage.googleapis.com\/storage.itransparencia.com.br\/14\/sessions\/363\/yzAO9Te773LoFVPM5cZ5AZghcKKDULfuSRCQLUz1.pdf"},{"Tipo":"Ordin\u00e1ria","N\u00famero":30,"Exerc\u00edcio":2018,"Data":"11\/08\/2018","Status":"Encerrada","Legislatura":"Legislatura (2017 - 2020)","Descri\u00e7\u00e3o":"ATA DA 30\u00aa SESS\u00c3O ORDIN\u00c1RIA DA 2\u00aa SESS\u00c3O LEGISLATIVA DA 15\u00aa LEGISLATURA DA C\u00c2MARA MUNICIPAL DE PACUJ\u00c1-CE.","Pauta (Arquivo)":"-","Ata (Arquivo)":"https:\/\/storage.googleapis.com\/storage.itransparencia.com.br\/14\/sessions\/362\/Y6J0Ta9VmKQF7QLXFwEwISUIjAmImksoDvByPYNP.pdf"},{"Tipo":"Ordin\u00e1ria","N\u00famero":29,"Exerc\u00edcio":2018,"Data":"23\/06\/2018","Status":"Encerrada","Legislatura":"Legislatura (2017 - 2020)","Descri\u00e7\u00e3o":"ATA DA 29\u00aa SESS\u00c3O ORDIN\u00c1RIA DA 2\u00aa SESS\u00c3O LEGISLATIVA DA 15\u00aa LEGISLATURA DA C\u00c2MARA MUNICIPAL DE PACUJ\u00c1-CE.","Pauta (Arquivo)":"-","Ata (Arquivo)":"https:\/\/storage.googleapis.com\/storage.itransparencia.com.br\/14\/sessions\/361\/VM67sqQrTymw8Fg2VTwyDqCAAIIeYQ834oXjna2q.pdf"},{"Tipo":"Ordin\u00e1ria","N\u00famero":28,"Exerc\u00edcio":2018,"Data":"09\/06\/2018","Status":"Encerrada","Legislatura":"Legislatura (2017 - 2020)","Descri\u00e7\u00e3o":"ATA DA 28\u00aa SESS\u00c3O ORDIN\u00c1RIA DA 2\u00aa SESS\u00c3O LEGISLATIVA DA 15\u00aa LEGISLATURA DA C\u00c2MARA MUNICIPAL DE PACUJ\u00c1-CE.","Pauta (Arquivo)":"-","Ata (Arquivo)":"https:\/\/storage.googleapis.com\/storage.itransparencia.com.br\/14\/sessions\/360\/le8VwMw0hyc30KQoRxTcsSrdam9Mh4uemqOfe3R9.pdf"},{"Tipo":"Ordin\u00e1ria","N\u00famero":27,"Exerc\u00edcio":2018,"Data":"26\/05\/2018","Status":"Encerrada","Legislatura":"Legislatura (2017 - 2020)","Descri\u00e7\u00e3o":"ATA DA 27\u00aa SESS\u00c3O ORDIN\u00c1RIA DA 2\u00aa SESS\u00c3O LEGISLATIVA DA 15\u00aa LEGISLATURA DA C\u00c2MARA MUNICIPAL DE PACUJ\u00c1-CE.","Pauta (Arquivo)":"-","Ata (Arquivo)":"https:\/\/storage.googleapis.com\/storage.itransparencia.com.br\/14\/sessions\/359\/batb5MWnjdNvTFn3YPxGAApr34D5Qbp3HXd6T7E2.pdf"},{"Tipo":"Ordin\u00e1ria","N\u00famero":26,"Exerc\u00edcio":2018,"Data":"12\/05\/2018","Status":"Encerrada","Legislatura":"Legislatura (2017 - 2020)","Descri\u00e7\u00e3o":"ATA DA 26\u00aa SESS\u00c3O ORDIN\u00c1RIA DA 2\u00aa SESS\u00c3O LEGISLATIVA DA 15\u00aa LEGISLATURA DA C\u00c2MARA MUNICIPAL DE PACUJ\u00c1-CE.","Pauta (Arquivo)":"-","Ata (Arquivo)":"https:\/\/storage.googleapis.com\/storage.itransparencia.com.br\/14\/sessions\/358\/UIWIGsqlTOONB1aNAEGJVMPYExzb2MqRgXbAppT5.pdf"},{"Tipo":"Ordin\u00e1ria","N\u00famero":25,"Exerc\u00edcio":2018,"Data":"28\/04\/2018","Status":"Encerrada","Legislatura":"Legislatura (2017 - 2020)","Descri\u00e7\u00e3o":"ATA DA 25\u00aa SESS\u00c3O ORDIN\u00c1RIA DA 2\u00aa SESS\u00c3O LEGISLATIVA DA 15\u00aa LEGISLATURA DA C\u00c2MARA MUNICIPAL DE PACUJ\u00c1-CE.","Pauta (Arquivo)":"-","Ata (Arquivo)":"https:\/\/storage.googleapis.com\/storage.itransparencia.com.br\/14\/sessions\/357\/mxXTR4VQIbnshUZUknp90eBSfr2nYukWzLZCGOEb.pdf"},{"Tipo":"Ordin\u00e1ria","N\u00famero":24,"Exerc\u00edcio":2018,"Data":"14\/04\/2018","Status":"Encerrada","Legislatura":"Legislatura (2017 - 2020)","Descri\u00e7\u00e3o":"ATA DA 24\u00aa SESS\u00c3O ORDIN\u00c1RIA DA 2\u00aa SESS\u00c3O LEGISLATIVA DA 15\u00aa LEGISLATURA DA C\u00c2MARA MUNICIPAL DE PACUJ\u00c1-CE.","Pauta (Arquivo)":"-","Ata (Arquivo)":"https:\/\/storage.googleapis.com\/storage.itransparencia.com.br\/14\/sessions\/356\/Vqo4dEq61BAUMW0FpEtpDBMQfkrVvd0xzTNxXV6y.pdf"},{"Tipo":"Ordin\u00e1ria","N\u00famero":23,"Exerc\u00edcio":2018,"Data":"31\/03\/2018","Status":"Encerrada","Legislatura":"Legislatura (2017 - 2020)","Descri\u00e7\u00e3o":"ATA DA 23\u00aa SESS\u00c3O ORDIN\u00c1RIA DA 2\u00aa SESS\u00c3O LEGISLATIVA DA 15\u00aa LEGISLATURA DA C\u00c2MARA MUNICIPAL DE PACUJ\u00c1-CE.","Pauta (Arquivo)":"-","Ata (Arquivo)":"https:\/\/storage.googleapis.com\/storage.itransparencia.com.br\/14\/sessions\/355\/MYelQ1XzNbeOl7w2LADIkC0NmWzgkoIYUa5vHYSa.pdf"},{"Tipo":"Ordin\u00e1ria","N\u00famero":22,"Exerc\u00edcio":2018,"Data":"17\/03\/2018","Status":"Encerrada","Legislatura":"Legislatura (2017 - 2020)","Descri\u00e7\u00e3o":"ATA DA 22\u00aa SESS\u00c3O ORDIN\u00c1RIA DA 2\u00aa SESS\u00c3O LEGISLATIVA DA 15\u00aa LEGISLATURA DA C\u00c2MARA MUNICIPAL DE PACUJ\u00c1-CE.","Pauta (Arquivo)":"-","Ata (Arquivo)":"https:\/\/storage.googleapis.com\/storage.itransparencia.com.br\/14\/sessions\/354\/aFn3tyE3wWEibIVfRnsIsxXikmEXwkExUX7i2iOO.pdf"},{"Tipo":"Ordin\u00e1ria","N\u00famero":21,"Exerc\u00edcio":2018,"Data":"03\/03\/2018","Status":"Encerrada","Legislatura":"Legislatura (2017 - 2020)","Descri\u00e7\u00e3o":"ATA DA 21\u00aa SESS\u00c3O ORDIN\u00c1RIA DA 2\u00aa SESS\u00c3O LEGISLATIVA DA 15\u00aa LEGISLATURA DA C\u00c2MARA MUNICIPAL DE PACUJ\u00c1-CE.","Pauta (Arquivo)":"-","Ata (Arquivo)":"https:\/\/storage.googleapis.com\/storage.itransparencia.com.br\/14\/sessions\/353\/C1iHZ8Sw6hJk8TeFVGFy0UclVv27dlWE08m1bE9h.pdf"},{"Tipo":"Ordin\u00e1ria","N\u00famero":20,"Exerc\u00edcio":2018,"Data":"17\/02\/2018","Status":"Encerrada","Legislatura":"Legislatura (2017 - 2020)","Descri\u00e7\u00e3o":"ATA DA 20\u00aa SESS\u00c3O ORDIN\u00c1RIA DA 2\u00aa SESS\u00c3O LEGISLATIVA DA 15\u00aa LEGISLATURA DA C\u00c2MARA MUNICIPAL DE PACUJ\u00c1-CE.","Pauta (Arquivo)":"-","Ata (Arquivo)":"https:\/\/storage.googleapis.com\/storage.itransparencia.com.br\/14\/sessions\/352\/WufsuIVCawH1jBeYBIAlV32U51mFOLUBSdVmhlXW.pdf"},{"Tipo":"Ordin\u00e1ria","N\u00famero":19,"Exerc\u00edcio":2018,"Data":"03\/02\/2018","Status":"Encerrada","Legislatura":"Legislatura (2017 - 2020)","Descri\u00e7\u00e3o":"ATA DA 19\u00aa SESS\u00c3O ORDIN\u00c1RIA DA 2\u00aa SESS\u00c3O LEGISLATIVA DA 15\u00aa LEGISLATURA DA C\u00c2MARA MUNICIPAL DE PACUJ\u00c1-CE.","Pauta (Arquivo)":"-","Ata (Arquivo)":"https:\/\/storage.googleapis.com\/storage.itransparencia.com.br\/14\/sessions\/351\/qUkA4IdRTejMCVGEcXUtOs9wqRpx61mcEfxFODm2.pdf"},{"Tipo":"Ordin\u00e1ria","N\u00famero":18,"Exerc\u00edcio":2017,"Data":"18\/11\/2017","Status":"Encerrada","Legislatura":"Legislatura (2017 - 2020)","Descri\u00e7\u00e3o":"ATA DA 18\u00aa SESS\u00c3O ORDIN\u00c1RIA DA 1\u00aa SESS\u00c3O LEGISLATIVA DA 15\u00aa LEGISLATURA DA C\u00c2MARA MUNICIPAL DE PACUJ\u00c1-CE.","Pauta (Arquivo)":"-","Ata (Arquivo)":"https:\/\/storage.googleapis.com\/storage.itransparencia.com.br\/14\/sessions\/349\/Yp025eN1RfoZL8KLcT3brCT3zbKnxj45iI978CKz.pdf"},{"Tipo":"Ordin\u00e1ria","N\u00famero":17,"Exerc\u00edcio":2017,"Data":"04\/11\/2017","Status":"Encerrada","Legislatura":"Legislatura (2017 - 2020)","Descri\u00e7\u00e3o":"ATA DA 17\u00aa SESS\u00c3O ORDIN\u00c1RIA DA 1\u00aa SESS\u00c3O LEGISLATIVA DA 15\u00aa LEGISLATURA DA C\u00c2MARA MUNICIPAL DE PACUJ\u00c1-CE.","Pauta (Arquivo)":"-","Ata (Arquivo)":"https:\/\/storage.googleapis.com\/storage.itransparencia.com.br\/14\/sessions\/348\/yzRr0kEoCEu6o5BSgH4xakZhk8Bk17QRhdg2o4bS.pdf"},{"Tipo":"Ordin\u00e1ria","N\u00famero":16,"Exerc\u00edcio":2017,"Data":"21\/10\/2017","Status":"Encerrada","Legislatura":"Legislatura (2017 - 2020)","Descri\u00e7\u00e3o":"ATA DA 16\u00aa SESS\u00c3O ORDIN\u00c1RIA DA 1\u00aa SESS\u00c3O LEGISLATIVA DA 15\u00aa LEGISLATURA DA C\u00c2MARA MUNICIPAL DE PACUJ\u00c1-CE.","Pauta (Arquivo)":"-","Ata (Arquivo)":"https:\/\/storage.googleapis.com\/storage.itransparencia.com.br\/14\/sessions\/347\/t3nHuhXpGxnyflZWqIb1hmnKAuJhQyNLEo4ANQpy.pdf"},{"Tipo":"Extra-Ordin\u00e1ria","N\u00famero":1,"Exerc\u00edcio":2017,"Data":"12\/10\/2017","Status":"Encerrada","Legislatura":"Legislatura (2017 - 2020)","Descri\u00e7\u00e3o":"ATA DA 1\u00aa SESS\u00c3O EXTRAORDIN\u00c1RIA DA 1\u00aa SESS\u00c3O LEGISLATIVA DA 15\u00aa LEGISLATURA DA C\u00c2MARA MUNICIPAL DE PACUJ\u00c1.","Pauta (Arquivo)":"-","Ata (Arquivo)":"https:\/\/storage.googleapis.com\/storage.itransparencia.com.br\/14\/sessions\/370\/q2LuwfazuddZD1i7DFGKI7X2ybMWj3qFSQyX8hJQ.pdf"},{"Tipo":"Ordin\u00e1ria","N\u00famero":15,"Exerc\u00edcio":2017,"Data":"07\/10\/2017","Status":"Encerrada","Legislatura":"Legislatura (2017 - 2020)","Descri\u00e7\u00e3o":"ATA DA 15\u00aa SESS\u00c3O ORDIN\u00c1RIA DA 1\u00aa SESS\u00c3O LEGISLATIVA DA 15\u00aa LEGISLATURA DA C\u00c2MARA MUNICIPAL DE PACUJ\u00c1-CE.","Pauta (Arquivo)":"-","Ata (Arquivo)":"https:\/\/storage.googleapis.com\/storage.itransparencia.com.br\/14\/sessions\/346\/iBVA7dKqsevtDJq1NpC4f5gZa2rgvr65irnTvHRJ.pdf"},{"Tipo":"Ordin\u00e1ria","N\u00famero":14,"Exerc\u00edcio":2017,"Data":"23\/09\/2017","Status":"Encerrada","Legislatura":"Legislatura (2017 - 2020)","Descri\u00e7\u00e3o":"ATA DA 14\u00aa SESS\u00c3O ORDIN\u00c1RIA DA 1\u00aa SESS\u00c3O LEGISLATIVA DA 15\u00aa LEGISLATURA DA C\u00c2MARA MUNICIPAL DE PACUJ\u00c1-CE.","Pauta (Arquivo)":"-","Ata (Arquivo)":"https:\/\/storage.googleapis.com\/storage.itransparencia.com.br\/14\/sessions\/345\/EAEvl2qD0MguwIio4rGHjoxBPWWEttoNeSyIJWlw.pdf"},{"Tipo":"Solene","N\u00famero":1,"Exerc\u00edcio":2017,"Data":"16\/09\/2017","Status":"Encerrada","Legislatura":"Legislatura (2017 - 2020)","Descri\u00e7\u00e3o":"ATA DA 1\u00aa SESS\u00c3O SOLENE DA 1\u00aa SESS\u00c3O LEGISLATIVA DA 15\u00aa LEGISLATURA DA C\u00c2MARA MUNICIPAL DE PACUJ\u00c1","Pauta (Arquivo)":"-","Ata (Arquivo)":"https:\/\/storage.googleapis.com\/storage.itransparencia.com.br\/14\/sessions\/377\/5khxpVnFNbcqo0LMrsVyDdtIa43DWWWfvVxGVwUi.pdf"},{"Tipo":"Ordin\u00e1ria","N\u00famero":13,"Exerc\u00edcio":2017,"Data":"09\/09\/2017","Status":"Encerrada","Legislatura":"Legislatura (2017 - 2020)","Descri\u00e7\u00e3o":"ATA DA 13\u00aa SESS\u00c3O ORDIN\u00c1RIA DA 1\u00aa SESS\u00c3O LEGISLATIVA DA 15\u00aa LEGISLATURA DA C\u00c2MARA MUNICIPAL DE PACUJ\u00c1-CE.","Pauta (Arquivo)":"-","Ata (Arquivo)":"https:\/\/storage.googleapis.com\/storage.itransparencia.com.br\/14\/sessions\/344\/vSMIUHzWjA2qqu6n66yXJ45NeUk5ePOxtLH30Qbt.pdf"},{"Tipo":"Ordin\u00e1ria","N\u00famero":12,"Exerc\u00edcio":2017,"Data":"26\/08\/2017","Status":"Encerrada","Legislatura":"Legislatura (2017 - 2020)","Descri\u00e7\u00e3o":"ATA DA 12\u00aa SESS\u00c3O ORDIN\u00c1RIA DA 1\u00aa SESS\u00c3O LEGISLATIVA DA 15\u00aa LEGISLATURA DA C\u00c2MARA MUNICIPAL DE PACUJ\u00c1-CE.","Pauta (Arquivo)":"-","Ata (Arquivo)":"https:\/\/storage.googleapis.com\/storage.itransparencia.com.br\/14\/sessions\/341\/WWvoqHMEqBfc6q1AiftA4iwTP6UUqrXuY6BncAa1.pdf"},{"Tipo":"Ordin\u00e1ria","N\u00famero":11,"Exerc\u00edcio":2017,"Data":"12\/08\/2017","Status":"Encerrada","Legislatura":"Legislatura (2017 - 2020)","Descri\u00e7\u00e3o":"ATA DA 11\u00aa SESS\u00c3O ORDIN\u00c1RIA DA 1\u00aa SESS\u00c3O LEGISLATIVA DA 15\u00aa LEGISLATURA DA C\u00c2MARA MUNICIPAL DE PACUJ\u00c1-CE.","Pauta (Arquivo)":"-","Ata (Arquivo)":"https:\/\/storage.googleapis.com\/storage.itransparencia.com.br\/14\/sessions\/340\/DznY2taL14kWHyT3cdjkUM3FHrZceyTpJUppV8Tp.pdf"},{"Tipo":"Ordin\u00e1ria","N\u00famero":10,"Exerc\u00edcio":2017,"Data":"17\/06\/2017","Status":"Encerrada","Legislatura":"Legislatura (2017 - 2020)","Descri\u00e7\u00e3o":"ATA DA 10\u00aa SESS\u00c3O ORDIN\u00c1RIA DA 1\u00aa SESS\u00c3O LEGISLATIVA DA 15\u00aa LEGISLATURA DA C\u00c2MARA MUNICIPAL DE PACUJ\u00c1-CE.","Pauta (Arquivo)":"-","Ata (Arquivo)":"https:\/\/storage.googleapis.com\/storage.itransparencia.com.br\/14\/sessions\/339\/ZkZr0DwBqL7EvfhrvpulmRiPRYtAeVzB3Om6JMHp.pdf"},{"Tipo":"Ordin\u00e1ria","N\u00famero":9,"Exerc\u00edcio":2017,"Data":"03\/06\/2017","Status":"Encerrada","Legislatura":"Legislatura (2017 - 2020)","Descri\u00e7\u00e3o":"ATA DA 9\u00aa SESS\u00c3O ORDIN\u00c1RIA DA 1\u00aa SESS\u00c3O LEGISLATIVA DA 15\u00aa LEGISLATURA DA C\u00c2MARA MUNICIPAL DE PACUJ\u00c1-CE.","Pauta (Arquivo)":"-","Ata (Arquivo)":"https:\/\/storage.googleapis.com\/storage.itransparencia.com.br\/14\/sessions\/338\/INe5BDZZU3Htr4lz45HUEiDl0bhsckNqkrBPTpNw.pdf"},{"Tipo":"Ordin\u00e1ria","N\u00famero":8,"Exerc\u00edcio":2017,"Data":"20\/05\/2017","Status":"Encerrada","Legislatura":"Legislatura (2017 - 2020)","Descri\u00e7\u00e3o":"ATA DA 8\u00aa SESS\u00c3O ORDIN\u00c1RIA DA 1\u00aa SESS\u00c3O LEGISLATIVA DA 15\u00aa LEGISLATURA DA C\u00c2MARA MUNICIPAL DE PACUJ\u00c1-CE.","Pauta (Arquivo)":"-","Ata (Arquivo)":"https:\/\/storage.googleapis.com\/storage.itransparencia.com.br\/14\/sessions\/337\/LFtaQRLKHNNoL68KUqyey5a9azfztGBi3BoKgNk2.pdf"},{"Tipo":"Ordin\u00e1ria","N\u00famero":7,"Exerc\u00edcio":2017,"Data":"06\/05\/2017","Status":"Encerrada","Legislatura":"Legislatura (2017 - 2020)","Descri\u00e7\u00e3o":"ATA DA 7\u00aa SESS\u00c3O ORDIN\u00c1RIA DA 1\u00aa SESS\u00c3O LEGISLATIVA DA 15\u00aa LEGISLATURA DA C\u00c2MARA MUNICIPAL DE PACUJ\u00c1-CE.","Pauta (Arquivo)":"-","Ata (Arquivo)":"https:\/\/storage.googleapis.com\/storage.itransparencia.com.br\/14\/sessions\/336\/RSHHFNKLW8rv5N6kAovNh7KSYEJpki4fZY3dR60l.pdf"},{"Tipo":"Ordin\u00e1ria","N\u00famero":6,"Exerc\u00edcio":2017,"Data":"22\/04\/2017","Status":"Encerrada","Legislatura":"Legislatura (2017 - 2020)","Descri\u00e7\u00e3o":"ATA DA 6\u00aa SESS\u00c3O ORDIN\u00c1RIA DA 1\u00aa SESS\u00c3O LEGISLATIVA DA 15\u00aa LEGISLATURA DA C\u00c2MARA MUNICIPAL DE PACUJ\u00c1-CE.","Pauta (Arquivo)":"-","Ata (Arquivo)":"https:\/\/storage.googleapis.com\/storage.itransparencia.com.br\/14\/sessions\/335\/64ocmaJTv2BSQXrguhunUKADvhZ29p6N05K0N9Rp.pdf"},{"Tipo":"Ordin\u00e1ria","N\u00famero":5,"Exerc\u00edcio":2017,"Data":"08\/04\/2017","Status":"Encerrada","Legislatura":"Legislatura (2017 - 2020)","Descri\u00e7\u00e3o":"ATA DA 5\u00aa SESS\u00c3O ORDIN\u00c1RIA DA 1\u00aa SESS\u00c3O LEGISLATIVA DA 15\u00aa LEGISLATURA DA C\u00c2MARA MUNICIPAL DE PACUJ\u00c1-CE.","Pauta (Arquivo)":"-","Ata (Arquivo)":"https:\/\/storage.googleapis.com\/storage.itransparencia.com.br\/14\/sessions\/334\/OfbxUHV1GxuBAXsMTGfIyZGkxW2afK43QQ5cFIQ0.pdf"},{"Tipo":"Ordin\u00e1ria","N\u00famero":4,"Exerc\u00edcio":2017,"Data":"25\/03\/2017","Status":"Encerrada","Legislatura":"Legislatura (2017 - 2020)","Descri\u00e7\u00e3o":"ATA DA 4\u00aa SESS\u00c3O ORDIN\u00c1RIA DA 1\u00aa SESS\u00c3O LEGISLATIVA DA 15\u00aa LEGISLATURA DA C\u00c2MARA MUNICIPAL DE PACUJ\u00c1-CE.","Pauta (Arquivo)":"-","Ata (Arquivo)":"https:\/\/storage.googleapis.com\/storage.itransparencia.com.br\/14\/sessions\/333\/zOVdLpAXuYUndQpbqQ0Bse7DV9nTtn3pMqMEPgCq.pdf"},{"Tipo":"Ordin\u00e1ria","N\u00famero":3,"Exerc\u00edcio":2017,"Data":"11\/03\/2017","Status":"Encerrada","Legislatura":"Legislatura (2017 - 2020)","Descri\u00e7\u00e3o":"ATA DA 3\u00aa SESS\u00c3O ORDIN\u00c1RIA DA 1\u00aa SESS\u00c3O LEGISLATIVA DA 15\u00aa LEGISLATURA DA C\u00c2MARA MUNICIPAL DE PACUJ\u00c1-CE.","Pauta (Arquivo)":"-","Ata (Arquivo)":"https:\/\/storage.googleapis.com\/storage.itransparencia.com.br\/14\/sessions\/332\/R2DzKygchgqYPPgiyPPiu9p9MP5HNWZnYAML4GXr.pdf"},{"Tipo":"Ordin\u00e1ria","N\u00famero":2,"Exerc\u00edcio":2017,"Data":"25\/02\/2017","Status":"Encerrada","Legislatura":"Legislatura (2017 - 2020)","Descri\u00e7\u00e3o":"ATA DA 2\u00aa SESS\u00c3O ORDIN\u00c1RIA DA 1\u00aa SESS\u00c3O LEGISLATIVA DA 15\u00aa LEGISLATURA DA C\u00c2MARA MUNICIPAL DE PACUJ\u00c1-CE.","Pauta (Arquivo)":"-","Ata (Arquivo)":"https:\/\/storage.googleapis.com\/storage.itransparencia.com.br\/14\/sessions\/331\/y5tFLbmtciLqZuhzbdIiolvC5iEL3WPPzcUY9M7T.pdf"},{"Tipo":"Ordin\u00e1ria","N\u00famero":1,"Exerc\u00edcio":2017,"Data":"11\/02\/2017","Status":"Encerrada","Legislatura":"Legislatura (2017 - 2020)","Descri\u00e7\u00e3o":"ATA DA 1\u00aa SESS\u00c3O ORDIN\u00c1RIA DA 1\u00aa SESS\u00c3O LEGISLATIVA DA 15\u00aa LEGISLATURA DA C\u00c2MARA MUNICIPAL DE PACUJ\u00c1-CE.","Pauta (Arquivo)":"-","Ata (Arquivo)":"https:\/\/storage.googleapis.com\/storage.itransparencia.com.br\/14\/sessions\/330\/KH6CaMcwbXvaJ4SO36iCGv2ZDznMNbtz7sJJcss1.pdf"}]