[{"N\u00famero":"PP 2708.01\/2020","Modalidade":"Preg\u00e3o","Objeto":"AQUISI\u00c7\u00c3O DE EQUIPAMENTOS, MATERIAL PERMANENTE PARA ATENDER AS NECESSIDADES DA C\u00c2MARA MUNICIPAL DE PACUJ\u00c1","Data":"10\/09\/2020","Valor Estimado":"-","Situa\u00e7\u00e3o":"Deserta","\u00d3rg\u00e3o":"C\u00e2mara Municipal de Pacuj\u00e1","Publica\u00e7\u00e3o":"27\/08\/2020"},{"N\u00famero":"PP 2207.01\/2020","Modalidade":"Preg\u00e3o","Objeto":"AQUISI\u00c7\u00c3O DE EQUIPAMENTOS, MATERIAL PERMANENTE E CONSUMO (CADEIRA PL\u00c1STICA) PARA ATENDER AS NECESSIDADES DA C\u00c2MARA MUNICIPAL DE PACUJ\u00c1","Data":"04\/08\/2020","Valor Estimado":"-","Situa\u00e7\u00e3o":"Fechada","\u00d3rg\u00e3o":"C\u00e2mara Municipal de Pacuj\u00e1","Publica\u00e7\u00e3o":"22\/07\/2020"},{"N\u00famero":"2811.01\/2019","Modalidade":"Preg\u00e3o","Objeto":"AQUISI\u00c7\u00c3O DE 01 (UM) VE\u00cdCULO, TIPO PASSEIO, 0 (ZERO) KM PARA ATENDER AS NECESSIDADES DA C\u00c2MARA MUNICIPAL DE PACUJ\u00c1","Data":"11\/12\/2019","Valor Estimado":"R$ 58.666,66","Situa\u00e7\u00e3o":"Fechada","\u00d3rg\u00e3o":"C\u00e2mara Municipal de Pacuj\u00e1","Publica\u00e7\u00e3o":"28\/11\/2019"},{"N\u00famero":"PP 1901.01\/2017","Modalidade":"Preg\u00e3o","Objeto":"Aquisi\u00e7\u00e3o de combust\u00edvel para atender as necessidades da C\u00e2mara Municipal de Pacuj\u00e1.","Data":"01\/02\/2019","Valor Estimado":"-","Situa\u00e7\u00e3o":"Deserta","\u00d3rg\u00e3o":"C\u00e2mara Municipal de Pacuj\u00e1","Publica\u00e7\u00e3o":"19\/01\/2017"},{"N\u00famero":"PP 1804.01\/2017","Modalidade":"Preg\u00e3o","Objeto":"Contrata\u00e7\u00e3o de Servi\u00e7os de licen\u00e7a de uso de sistema informatizado de Contabilidade, Licita\u00e7\u00e3o, Patrim\u00f4nio, Almoxarifado e Portal da Transpar\u00eancia junto a C\u00e2mara Municipal de Pacuj\u00e1.","Data":"03\/05\/2017","Valor Estimado":"-","Situa\u00e7\u00e3o":"Fechada","\u00d3rg\u00e3o":"C\u00e2mara Municipal de Pacuj\u00e1","Publica\u00e7\u00e3o":"18\/04\/2017"},{"N\u00famero":"PP 2501.02\/2017","Modalidade":"Preg\u00e3o","Objeto":"Contrata\u00e7\u00e3o de empresa especializada para presta\u00e7\u00e3o de servi\u00e7os de assessoria e execu\u00e7\u00e3o cont\u00e1bil e servi\u00e7os de assessoria em controle interno junto a C\u00e2mara Municipal de Pacuj\u00e1-Ce.","Data":"07\/02\/2017","Valor Estimado":"-","Situa\u00e7\u00e3o":"Fechada","\u00d3rg\u00e3o":"C\u00e2mara Municipal de Pacuj\u00e1","Publica\u00e7\u00e3o":"25\/01\/2017"},{"N\u00famero":"PP 2501.01\/2017","Modalidade":"Preg\u00e3o","Objeto":"Contrata\u00e7\u00e3o de empresa especializada para presta\u00e7\u00e3o de servi\u00e7os de digitaliza\u00e7\u00e3o, tratamento de dados e gerenciamento em sistema pr\u00f3prio de automa\u00e7\u00e3o, bem como grava\u00e7\u00e3o em CD\/DVD-rom de documentos pertencentes a C\u00e2mara Municipal de Pacuj\u00e1-Ce do exerc\u00edcio de 2017.","Data":"07\/02\/2017","Valor Estimado":"-","Situa\u00e7\u00e3o":"Fechada","\u00d3rg\u00e3o":"C\u00e2mara Municipal de Pacuj\u00e1","Publica\u00e7\u00e3o":"25\/01\/2017"},{"N\u00famero":"PP 1901.02\/2017","Modalidade":"Preg\u00e3o","Objeto":"LOCA\u00c7\u00c3O DE VEICULO PARA ATENDER A C\u00c2MARA MUNICIPAL DE PACUJ\u00c1-CE.","Data":"01\/02\/2017","Valor Estimado":"-","Situa\u00e7\u00e3o":"Fechada","\u00d3rg\u00e3o":"C\u00e2mara Municipal de Pacuj\u00e1","Publica\u00e7\u00e3o":"19\/01\/2017"},{"N\u00famero":"PP 1901.02\/2017","Modalidade":"Preg\u00e3o","Objeto":"LOCA\u00c7\u00c3O DE VEICULO PARA ATENDER A C\u00c2MARA MUNICIPAL DE PACUJ\u00c1-CE.","Data":"01\/02\/2017","Valor Estimado":"-","Situa\u00e7\u00e3o":"Fechada","\u00d3rg\u00e3o":"-","Publica\u00e7\u00e3o":"19\/01\/2017"},{"N\u00famero":"PP 1901.02\/2017","Modalidade":"Preg\u00e3o","Objeto":"LOCA\u00c7\u00c3O DE VEICULO PARA ATENDER A C\u00c2MARA MUNICIPAL DE PACUJ\u00c1-CE.","Data":"01\/02\/2017","Valor Estimado":"-","Situa\u00e7\u00e3o":"Fechada","\u00d3rg\u00e3o":"C\u00e2mara Municipal de Pacuj\u00e1","Publica\u00e7\u00e3o":"19\/01\/2017"}]