[{"N\u00famero":"2023.14.02.02-TP","Modalidade":"Tomada de Pre\u00e7os","Objeto":"CONTRATA\u00c7\u00c3O DE SOFTWARES PARA ATENDER AS NECESSIDADES DA C\u00c2MARA MUNICIPAL DE PACUJ\u00c1, CONFORME ESPECIFICA\u00c7\u00d5ES DO EDITAL.","Data":"15\/03\/2023","Valor Estimado":"R$ 182.666,67","Situa\u00e7\u00e3o":"Fechada","\u00d3rg\u00e3o":"C\u00e2mara Municipal de Pacuj\u00e1","Publica\u00e7\u00e3o":"27\/02\/2023"},{"N\u00famero":"TP 1702.01\/2021","Modalidade":"Tomada de Pre\u00e7os","Objeto":"PRESTA\u00c7\u00c3O DE SERVI\u00c7OS ESPECIALIZADOS DE ASSESSORIA E CONSULTORIA ADMINISTRATIVA, E ACOMPANHAMENTO DAS ATIVIDADES AO FUNCIONAMENTO LEGISLATIVO, DE ACORDO COM AS DEMANDAS ADMINISTRATIVAS DA C\u00c2MARA MUNICIPAL DE PACUJ\u00c1","Data":"05\/03\/2021","Valor Estimado":"R$ 30.000,00","Situa\u00e7\u00e3o":"Fechada","\u00d3rg\u00e3o":"C\u00e2mara Municipal de Pacuj\u00e1","Publica\u00e7\u00e3o":"17\/02\/2021"},{"N\u00famero":"TP 1608.01\/2019","Modalidade":"Tomada de Pre\u00e7os","Objeto":"CONTRATA\u00c7\u00c3O DE EMPRESA DESTINADA A REALIZA\u00c7\u00c3O DE REFORMA JUNTO AO PREDIO DA C\u00c2MARA MUNICIPAL DE PACUJ\u00c1-CE.","Data":"05\/09\/2019","Valor Estimado":"R$ 79.792,01","Situa\u00e7\u00e3o":"Fechada","\u00d3rg\u00e3o":"C\u00e2mara Municipal de Pacuj\u00e1","Publica\u00e7\u00e3o":"20\/08\/2019"},{"N\u00famero":"TP 1302.01\/2019","Modalidade":"Tomada de Pre\u00e7os","Objeto":"CONTRATA\u00c7\u00c3O DE SERVI\u00c7OS DE ASSESSORIA JUR\u00cdDICA JUNTO A C\u00c2MARA MUNICIPAL DE PACUJ\u00c1-CE.","Data":"01\/03\/2019","Valor Estimado":"R$ 40.330,00","Situa\u00e7\u00e3o":"Fechada","\u00d3rg\u00e3o":"C\u00e2mara Municipal de Pacuj\u00e1","Publica\u00e7\u00e3o":"13\/02\/2019"},{"N\u00famero":"2401.02\/2019","Modalidade":"Tomada de Pre\u00e7os","Objeto":"CONTRATA\u00c7\u00c3O DE EMPRESA ESPECIALIZADA PARA PRESTA\u00c7\u00c3O DE SERVI\u00c7OS DE ASSESSORIA EM CONTABILIDADE JUNTO A C\u00c2MARA MUNICIPAL DE PACUJ\u00c1-CE.","Data":"11\/02\/2019","Valor Estimado":"R$ 83.673,33","Situa\u00e7\u00e3o":"Fechada","\u00d3rg\u00e3o":"C\u00e2mara Municipal de Pacuj\u00e1","Publica\u00e7\u00e3o":"25\/01\/2019"},{"N\u00famero":"2401.02\/2019","Modalidade":"Tomada de Pre\u00e7os","Objeto":"CONTRATA\u00c7\u00c3O DE EMPRESA ESPECIALIZADA PARA PRESTA\u00c7\u00c3O DE SERVI\u00c7OS DE ASSESSORIA EM CONTABILIDADE JUNTO A C\u00c2MARA MUNICIPAL DE PACUJ\u00c1-CE.","Data":"11\/02\/2019","Valor Estimado":"R$ 83.673,33","Situa\u00e7\u00e3o":"Fechada","\u00d3rg\u00e3o":"C\u00e2mara Municipal de Pacuj\u00e1","Publica\u00e7\u00e3o":"11\/02\/2019"},{"N\u00famero":"2401.01\/2019","Modalidade":"Tomada de Pre\u00e7os","Objeto":"CONTRATA\u00c7\u00c3O DE EMPRESA ESPECIALIZADA PARA PRESTA\u00c7\u00c3O DE SERVI\u00c7O DE DIGITALIZA\u00c7\u00c3O, TREATAMENTO DE DADOS E GERENCIAMENTO DE SISTEMA PR\u00d3PRIO DE AUTOMA\u00c7\u00c3O BEM COMO GRAVA\u00c7\u00c3O DE CD\/DVD - ROOM DE DOCUMENTOS PERTECENTES A C\u00c2MARA MUNICIPAL DE PACUJ\u00c1.","Data":"11\/02\/2019","Valor Estimado":"R$ 26.800,00","Situa\u00e7\u00e3o":"Fechada","\u00d3rg\u00e3o":"C\u00e2mara Municipal de Pacuj\u00e1","Publica\u00e7\u00e3o":"25\/01\/2019"},{"N\u00famero":"2201.01\/2019","Modalidade":"Tomada de Pre\u00e7os","Objeto":"CONTRATA\u00c7\u00c3O DE EMPRESA ESPECIALIZADA PARA PRESTA\u00c7\u00c3O DE SERVI\u00c7OS DE ASSESSORIA EM CONTROLE INTERNO JUNTO A C\u00c2MARA MUNICIPAL DE PACUJ\u00c1-CE.","Data":"07\/02\/2019","Valor Estimado":"R$ 42.200,00","Situa\u00e7\u00e3o":"Fechada","\u00d3rg\u00e3o":"C\u00e2mara Municipal de Pacuj\u00e1","Publica\u00e7\u00e3o":"22\/01\/2019"},{"N\u00famero":"TP 2803.01","Modalidade":"Tomada de Pre\u00e7os","Objeto":"CONTRATA\u00c7\u00c3O DE EMPRESA ESPECIALIZADA PARA PRESTA\u00c7\u00c3O DE SERVI\u00c7OS DE DIGITALIZA\u00c7\u00c3O, TRATAMENTO DE DADOS E GERENCIAMENTO EM SISTEMA PR\u00d3PRIO DE AUTOMA\u00c7\u00c3O, BEM COMO GRAVA\u00c7\u00c3O EM CD\/DVD-ROM DE DOCUMENTOS PERTENCENTES A C\u00c2MARA MUNICIPAL DE PACUJ\u00c1-CE.","Data":"16\/04\/2018","Valor Estimado":"-","Situa\u00e7\u00e3o":"Fechada","\u00d3rg\u00e3o":"C\u00e2mara Municipal de Pacuj\u00e1","Publica\u00e7\u00e3o":"28\/03\/2017"},{"N\u00famero":"TP 2202.01\/2017","Modalidade":"Tomada de Pre\u00e7os","Objeto":"CONTRATA\u00c7\u00c3O DE SERVI\u00c7OS DE ADVOCACIA PARA PRESTAR SERVI\u00c7OS DE ASSESSORIA E CONSULTORIA JURIDICA, JUNTO A C\u00c2MARA MUNICIPAL DE PACUJ\u00c1.","Data":"10\/03\/2017","Valor Estimado":"-","Situa\u00e7\u00e3o":"Fechada","\u00d3rg\u00e3o":"C\u00e2mara Municipal de Pacuj\u00e1","Publica\u00e7\u00e3o":"22\/02\/2017"}]